{"id":948,"date":"2023-07-27T16:45:38","date_gmt":"2023-07-27T14:45:38","guid":{"rendered":"https:\/\/gradin-nord.ch\/?p=948"},"modified":"2023-07-28T01:05:12","modified_gmt":"2023-07-27T23:05:12","slug":"juilett-2023","status":"publish","type":"post","link":"https:\/\/gradin-nord.ch\/de\/juilett-2023\/","title":{"rendered":"Juillet 2023"},"content":{"rendered":"<p style=\"text-align: justify;\">Sechs Wochen nach dem Debakel auf der Pontaise, bei dem der FC Sion offiziell in die NLB abstieg, nehmen wir uns Zeit, unsere Sicht der Dinge offen zu legen.<\/p>\n<p style=\"text-align: justify;\">Trotz unserer unerbittlichen Unterst\u00fctzung, unserem Support und unserer Pr\u00e4senz in allen Teilen der Schweiz, welche wir aus Liebe zum Vereinswappen an den Tag gelegt haben, ist der FC Sion gescheitert. Ein bitterer Misserfolg, denn auch die Chance als Letzter noch eine Barrage spielen zu d\u00fcrfen, konnte die Mannschaft nicht nutzen. Schlimmer noch, ein bescheidener Quartierverein aus Lausanne konnte die Mannschaft total dem\u00fctigen und einigen sogar noch eine Lektion in Sachen Fussball erteilen. Nachdem der FC Sion nun viele Jahre gegen den Abstieg gek\u00e4mpft hat, prallte man dieses Jahr auf dem harten Boden des Ligaletzten auf und stieg ab. Jahre des katastrophalen Managements durch die Vereinsf\u00fchrung, unbegreifliche Transfers und st\u00e4ndige Trainerwechsel haben uns weitgehend in diese Situation gebracht. Obwohl ein Abstieg eine grosse Dem\u00fctigung ist, sind wir der Meinung, dass er nicht aus dem Nichts kommt und dass er allen, die f\u00fcr diesen Schiffbruch mitverantwortlich sind, die M\u00f6glichkeit geben sollte sich vollst\u00e4ndig zu hinterfragen. Obwohl uns bewusst ist, dass sich kurzfristig wenig \u00e4ndern wird, behalten wir nat\u00fcrlich die Vereinsf\u00fchrung im Auge und werden, falls wir es f\u00fcr n\u00f6tig empfinden, unseren Unmut \u00e4u\u00dfern. Allerdings konnten w\u00e4hrend der Sommerpause auch schon konstruktive Gespr\u00e4che mit Mitgliedern des Managements und des Staffs gef\u00fchrt werden, was uns nat\u00fcrlich freut und einen Weg zu einer besseren Zukunft ebnet.<\/p>\n<p style=\"text-align: left;\">Nachdem die Saison mit dem Sieg in Vaduz am vergangenen Sonntag begonnen hat, ist es nun an der Zeit, in unser Zuhause, das Tourbillon, zur\u00fcckzukehren. Mit dem Empfang des FC Aarau am Freitag hat unser Verein die Gelegenheit, gegen einen der st\u00e4rksten Vereine der Liga anzutreten. Im Gegensatz zu den letzten Saisons in der NLA, ist der FC Sion in der NLB ein verh\u00e4ltnism\u00e4ssig grosser Klub, der von jedem Gegner mit Anspannung erwartet wird. Es liegt an uns Fans auf den Trib\u00fcnen und am gesamten Gradin Nord, die Spieler mit lautstarken Ges\u00e4ngen zu H\u00f6chstleistungen anzuspornen. Es liegt an uns, von der ersten bis zur letzten Spielminute unerm\u00fcdlich zu singen und es liegt an uns, auch schon beim Aufw\u00e4rmen pr\u00e4sent zu sein um die Spieler zus\u00e4tzlich anzustacheln. ,,Le FC Sion est toute ma vie et jamais je le l\u00e2cherai\u2019\u2019 (zu Deutsch: Der FC Sion ist mein Leben und ich werde ihn nie fallen lassen), wie es an jedem Spiel von der Nordtrib\u00fcne hallt, ist mehr als nur ein Lied, es ist unser Credo, unsere Leidenschaft. Es liegt an jedem einzelnen Fan auf der Trib\u00fcne, daf\u00fcr zu sorgen, dass das Tourbillon wieder eine echte Festung wird, vor der sich jeder Gegner f\u00fcrchten muss.<\/p>\n<p style=\"text-align: justify;\">F\u00fcr dieses und auch f\u00fcr alle zuk\u00fcnftigen Spiele laden wir alle, denen ihr Lieblingsverein am Herzen liegt ein, sich uns anzuschliessen um gemeinsam die Spieler zu H\u00f6chstleistungen anzuspornen. Wir freuen uns darauf, am Freitag in unser Zuhause zur\u00fcckzukehren, und rufen alle dazu auf, sich in Rot und Wei\u00df zu kleiden um das Tourbillon in den sch\u00f6nsten Farben erstrahlen zu lassen.<\/p>\n<p style=\"text-align: justify;\">Egal in welcher Liga wir spielen, wir bleiben stolz auf unser Wappen!!!<\/p>\n<p><strong>-<\/strong><\/p>","protected":false},"excerpt":{"rendered":"<p>Sechs Wochen nach dem Debakel auf der Pontaise, bei dem der FC Sion offiziell in die NLB abstieg, nehmen wir uns Zeit, unsere Sicht der Dinge offen zu legen.<\/p>","protected":false},"author":1,"featured_media":322,"comment_status":"closed","ping_status":"closed","sticky":false,"template":"","format":"standard","meta":{"_mi_skip_tracking":false,"_monsterinsights_sitenote_active":false,"_monsterinsights_sitenote_note":"","_monsterinsights_sitenote_category":0,"footnotes":""},"categories":[1],"tags":[],"class_list":["post-948","post","type-post","status-publish","format-standard","has-post-thumbnail","hentry","category-non-classe"],"_links":{"self":[{"href":"https:\/\/gradin-nord.ch\/de\/wp-json\/wp\/v2\/posts\/948","targetHints":{"allow":["GET"]}}],"collection":[{"href":"https:\/\/gradin-nord.ch\/de\/wp-json\/wp\/v2\/posts"}],"about":[{"href":"https:\/\/gradin-nord.ch\/de\/wp-json\/wp\/v2\/types\/post"}],"author":[{"embeddable":true,"href":"https:\/\/gradin-nord.ch\/de\/wp-json\/wp\/v2\/users\/1"}],"replies":[{"embeddable":true,"href":"https:\/\/gradin-nord.ch\/de\/wp-json\/wp\/v2\/comments?post=948"}],"version-history":[{"count":0,"href":"https:\/\/gradin-nord.ch\/de\/wp-json\/wp\/v2\/posts\/948\/revisions"}],"wp:featuredmedia":[{"embeddable":true,"href":"https:\/\/gradin-nord.ch\/de\/wp-json\/wp\/v2\/media\/322"}],"wp:attachment":[{"href":"https:\/\/gradin-nord.ch\/de\/wp-json\/wp\/v2\/media?parent=948"}],"wp:term":[{"taxonomy":"category","embeddable":true,"href":"https:\/\/gradin-nord.ch\/de\/wp-json\/wp\/v2\/categories?post=948"},{"taxonomy":"post_tag","embeddable":true,"href":"https:\/\/gradin-nord.ch\/de\/wp-json\/wp\/v2\/tags?post=948"}],"curies":[{"name":"wp","href":"https:\/\/api.w.org\/{rel}","templated":true}]}}