{"id":927,"date":"2023-06-05T22:55:09","date_gmt":"2023-06-05T20:55:09","guid":{"rendered":"https:\/\/gradin-nord.ch\/?p=927"},"modified":"2023-06-05T23:26:39","modified_gmt":"2023-06-05T21:26:39","slug":"tous-a-lausanne","status":"publish","type":"post","link":"https:\/\/gradin-nord.ch\/de\/tous-a-lausanne\/","title":{"rendered":"Ausw\u00e4rtsfahrt nach Lausanne"},"content":{"rendered":"<figure class=\"wp-block-image size-large\"><img fetchpriority=\"high\" decoding=\"async\" width=\"722\" height=\"1024\" src=\"https:\/\/gradin-nord.ch\/wp-content\/uploads\/2023\/06\/LOZZ-722x1024.jpg\" alt=\"\" class=\"wp-image-928\" srcset=\"https:\/\/gradin-nord.ch\/wp-content\/uploads\/2023\/06\/LOZZ-722x1024.jpg 722w, https:\/\/gradin-nord.ch\/wp-content\/uploads\/2023\/06\/LOZZ-350x496.jpg 350w, https:\/\/gradin-nord.ch\/wp-content\/uploads\/2023\/06\/LOZZ-212x300.jpg 212w, https:\/\/gradin-nord.ch\/wp-content\/uploads\/2023\/06\/LOZZ-768x1089.jpg 768w, https:\/\/gradin-nord.ch\/wp-content\/uploads\/2023\/06\/LOZZ-8x12.jpg 8w, https:\/\/gradin-nord.ch\/wp-content\/uploads\/2023\/06\/LOZZ.jpg 903w\" sizes=\"(max-width: 722px) 100vw, 722px\" \/><\/figure>\n\n\n\n<p>Das letzte Spiel der Saison steht an, egal wie das Resultat ausfallen wird, wir sind da! F\u00fcllen wir die Pontaise wie es sich geh\u00f6rt. Kommt alle im Trikot in Vereinsfarben, damit wir den walliser Stolz und unsere Farben auf den Trib\u00fcnen w\u00fcrdig vertreten k\u00f6nnen. <\/p>\n\n\n\n<p><strong>TOUS<\/strong> <strong>\u00c0 LAUSANNE !<\/strong><\/p>","protected":false},"excerpt":{"rendered":"<p>Dernier match de la saison, qu&rsquo;importe le r\u00e9sultat, les S\u00e9dunois seront l\u00e0 ! Remplissons la Pontaise comme il se doit et faisons ressurgir l&rsquo;orgueil valaisan dans les tribunes. T-shirt rouge\/blanc &hellip; <\/p>\n<p class=\"link-more\"><a href=\"https:\/\/gradin-nord.ch\/de\/tous-a-lausanne\/\" class=\"more-link\"><span class=\"screen-reader-text\">\u00ab\u00a0TOUS \u00c0 LAUSANNE !\u00a0\u00bb<\/span> weiterlesen<\/a><\/p>","protected":false},"author":4,"featured_media":454,"comment_status":"closed","ping_status":"open","sticky":false,"template":"","format":"standard","meta":{"_mi_skip_tracking":false,"_monsterinsights_sitenote_active":false,"_monsterinsights_sitenote_note":"","_monsterinsights_sitenote_category":0,"footnotes":""},"categories":[1],"tags":[],"class_list":["post-927","post","type-post","status-publish","format-standard","has-post-thumbnail","hentry","category-non-classe"],"_links":{"self":[{"href":"https:\/\/gradin-nord.ch\/de\/wp-json\/wp\/v2\/posts\/927","targetHints":{"allow":["GET"]}}],"collection":[{"href":"https:\/\/gradin-nord.ch\/de\/wp-json\/wp\/v2\/posts"}],"about":[{"href":"https:\/\/gradin-nord.ch\/de\/wp-json\/wp\/v2\/types\/post"}],"author":[{"embeddable":true,"href":"https:\/\/gradin-nord.ch\/de\/wp-json\/wp\/v2\/users\/4"}],"replies":[{"embeddable":true,"href":"https:\/\/gradin-nord.ch\/de\/wp-json\/wp\/v2\/comments?post=927"}],"version-history":[{"count":0,"href":"https:\/\/gradin-nord.ch\/de\/wp-json\/wp\/v2\/posts\/927\/revisions"}],"wp:featuredmedia":[{"embeddable":true,"href":"https:\/\/gradin-nord.ch\/de\/wp-json\/wp\/v2\/media\/454"}],"wp:attachment":[{"href":"https:\/\/gradin-nord.ch\/de\/wp-json\/wp\/v2\/media?parent=927"}],"wp:term":[{"taxonomy":"category","embeddable":true,"href":"https:\/\/gradin-nord.ch\/de\/wp-json\/wp\/v2\/categories?post=927"},{"taxonomy":"post_tag","embeddable":true,"href":"https:\/\/gradin-nord.ch\/de\/wp-json\/wp\/v2\/tags?post=927"}],"curies":[{"name":"wp","href":"https:\/\/api.w.org\/{rel}","templated":true}]}}