{"id":924,"date":"2023-05-24T11:42:46","date_gmt":"2023-05-24T09:42:46","guid":{"rendered":"https:\/\/gradin-nord.ch\/?p=924"},"modified":"2023-05-24T11:57:30","modified_gmt":"2023-05-24T09:57:30","slug":"prise-de-position-sur-le-match-fc-sion-bsc-yb-du-21-mai","status":"publish","type":"post","link":"https:\/\/gradin-nord.ch\/de\/prise-de-position-sur-le-match-fc-sion-bsc-yb-du-21-mai\/","title":{"rendered":"Stellungnahme zum Spiel FC SION - BSC YB vom 21. Mai 2023"},"content":{"rendered":"<p style=\"text-align: justify;\">Einmal mehr hat sich gezeigt, dass Kollektivstrafen gegen Fussballfans wie etwa die Schliessung ganzer Stadionbereiche absolut unsinnig und wirkungslos sind. Entgegen den Aussagen von Fr\u00e9d\u00e9ric Favre, der die Fangruppen des FC Sion durch die Schliessung des Gradin Nord ausschliessen und damit bestrafen wollte (Interview: 16.05.2023, RTS), konnten alle Zuschauerinnen und Zuschauer das Spiel besuchen (ohne ID-Schikanen). Warum der Gradin Nord trotzdem geschlossen wurde und was der Zweck dieser Schliessung war, bleibt somit ein grosses R\u00e4tsel. Es stellt sich auch grunds\u00e4tzlich die Frage, ob das subjektive Sicherheitsgef\u00fchl von F. Favre wirklich verbessert wird, wenn mehrere hundert Fussballfans vor dem Stadion ausharren m\u00fcssen. Wir sind auch davon \u00fcberzeugt, dass das Stadionerlebnis f\u00fcr alle Fans negativ beeinflusst wird, wenn bewaffnete Polizisten drohend auf den Trib\u00fcnen stehen und versuchen, wegen legitimen Spruchb\u00e4ndern den Block zu st\u00fcrmen. Der aggressive Versuch der Polizei, auf die Seitentrib\u00fcne zu gelangen, auf der sich Fussballfans jeden Alters versammelt haben, zeigt sehr deutlich, welche Strategie bei dem Polizeieinsatz am Sonntag verfolgt wurde.<\/p>\n<p style=\"text-align: justify;\">Eine Eskalationsstrategie, die f\u00fcr uns leider nicht neu ist. Bereits nach dem Spiel gegen Servette am 13.05.2023 suchte die Genfer Polizei die Eskalation. Ohne R\u00fccksicht auf Verluste schoss sie wahllos und aus k\u00fcrzester Distanz mit Gummischrott in die Menge und warf Tr\u00e4nengas in die Waggons des wartenden Extrazuges.<\/p>\n<p style=\"text-align: justify;\">Wir sind uns bewusst, dass einige Personen aus dem Umfeld der Sion-Fans nicht zur Deeskalation der Situation beigetragen haben. Die Vorf\u00e4lle werden innerhalb der Kurve aufgearbeitet.<\/p>\n<p style=\"text-align: justify;\">Die undifferenzierte Berichterstattung in den Medien nach dem Spiel, inklusive der unkritischen \u00dcbernahme von Polizeimeldungen und der Erfindung haltloser Geschichten, zeigt einmal mehr die besorgniserregende Entwicklung der medialen Stimmungsmache gegen Fussballfans und ebnet den Weg f\u00fcr weitere repressive Massnahmen.<\/p>\n<p style=\"text-align: justify;\">An dieser Stelle m\u00f6chten wir dem FC Sion danken, der sich nicht g\u00e4nzlich von Fr\u00e9d\u00e9ric Favre f\u00fcr seine populistische Kampagne auf dem R\u00fccken der Fussballfans einspannen liess.<\/p>\n<p style=\"text-align: justify;\">Abschliessend w\u00fcnschen wir auf diesem Wege unserem an Krebs erkrankten Torwart Heinz Lindner eine gute und schnelle Genesung!<\/p>\n<p style=\"text-align: justify;\">Da das Spruchband \"Gute Besserung Heinz\" beim Spiel gegen YB am Stadioneingang von der Polizei beschlagnahmt wurde, konnten diese Genesungsw\u00fcnsche leider noch nicht in einem w\u00fcrdigen Rahmen \u00fcbermittelt werden. Die Beschlagnahmung erfolgte \u00fcbrigens mit der Begr\u00fcndung, dass der Spruchband-Text im Stadion ausgeschnitten, neu angeordnet und zusammengeklebt werden k\u00f6nnte, um die \u201eArbeit\u201c der Polizei und ihrer politischen Vorgesetzten zu kritisieren\u2026<\/p>\n<p style=\"text-align: justify;\">Wir werden uns auch in Zukunft gemeinsam und organisiert gegen jegliche Profilierungsversuche aus der Politik auf Kosten von Fussballfans und die damit einhergehenden Repressionsmassnahmen zur Wehr setzen.<\/p>\n<p style=\"text-align: justify;\">GEGEN KOLLEKTIVSTRAFEN UND MACHTMISSBRAUCH !<\/p>","protected":false},"excerpt":{"rendered":"<p>Une fois de plus, il s\u2019est av\u00e9r\u00e9 que les sanctions collectives contre les supporters de football, comme la fermeture de zones enti\u00e8res du stade, sont absolument insens\u00e9es et ne m\u00e8nent &hellip; <\/p>\n<p class=\"link-more\"><a href=\"https:\/\/gradin-nord.ch\/de\/prise-de-position-sur-le-match-fc-sion-bsc-yb-du-21-mai\/\" class=\"more-link\"><span class=\"screen-reader-text\">\u00ab\u00a0Prise de position sur le match FC SION \u2013 BSC YB du 21 mai\u00a0\u00bb<\/span> weiterlesen<\/a><\/p>","protected":false},"author":1,"featured_media":322,"comment_status":"closed","ping_status":"closed","sticky":false,"template":"","format":"standard","meta":{"_mi_skip_tracking":false,"_monsterinsights_sitenote_active":false,"_monsterinsights_sitenote_note":"","_monsterinsights_sitenote_category":0,"footnotes":""},"categories":[1],"tags":[],"class_list":["post-924","post","type-post","status-publish","format-standard","has-post-thumbnail","hentry","category-non-classe"],"_links":{"self":[{"href":"https:\/\/gradin-nord.ch\/de\/wp-json\/wp\/v2\/posts\/924","targetHints":{"allow":["GET"]}}],"collection":[{"href":"https:\/\/gradin-nord.ch\/de\/wp-json\/wp\/v2\/posts"}],"about":[{"href":"https:\/\/gradin-nord.ch\/de\/wp-json\/wp\/v2\/types\/post"}],"author":[{"embeddable":true,"href":"https:\/\/gradin-nord.ch\/de\/wp-json\/wp\/v2\/users\/1"}],"replies":[{"embeddable":true,"href":"https:\/\/gradin-nord.ch\/de\/wp-json\/wp\/v2\/comments?post=924"}],"version-history":[{"count":0,"href":"https:\/\/gradin-nord.ch\/de\/wp-json\/wp\/v2\/posts\/924\/revisions"}],"wp:featuredmedia":[{"embeddable":true,"href":"https:\/\/gradin-nord.ch\/de\/wp-json\/wp\/v2\/media\/322"}],"wp:attachment":[{"href":"https:\/\/gradin-nord.ch\/de\/wp-json\/wp\/v2\/media?parent=924"}],"wp:term":[{"taxonomy":"category","embeddable":true,"href":"https:\/\/gradin-nord.ch\/de\/wp-json\/wp\/v2\/categories?post=924"},{"taxonomy":"post_tag","embeddable":true,"href":"https:\/\/gradin-nord.ch\/de\/wp-json\/wp\/v2\/tags?post=924"}],"curies":[{"name":"wp","href":"https:\/\/api.w.org\/{rel}","templated":true}]}}