{"id":899,"date":"2023-05-04T12:00:00","date_gmt":"2023-05-04T10:00:00","guid":{"rendered":"https:\/\/gradin-nord.ch\/?p=899"},"modified":"2023-05-04T11:32:17","modified_gmt":"2023-05-04T09:32:17","slug":"envahissons-geneve-13-05-2023","status":"publish","type":"post","link":"https:\/\/gradin-nord.ch\/de\/envahissons-geneve-13-05-2023\/","title":{"rendered":"ENVAHISSONS GEN\u00c8VE &#8211; 13.05.2023"},"content":{"rendered":"<p style=\"text-align: justify;\">Am Samstag, dem 13 Mai steht das letzte Derby dieser Saison gegen Servette an. Die Wichtigkeit dieses Spiels sollte jedem bekannt sein und wir wollen alles daran setzen dieses Spiel auf dem Spielfeld sowie auch auf den Trib\u00fcnen f\u00fcr uns zu entscheiden. Gehen wir an diesem Tag als Einheit nach Genf und holen uns die drei wichtigen Punkte.<\/p>\n<p style=\"text-align: justify;\">F\u00fcr den Derbytag ist ein Extrazug organisiert, damit wir unsere Mannschaft m\u00f6glichst zahlreich unterst\u00fctzen k\u00f6nnen.<\/p>\n<p style=\"text-align: justify;\">TOUS \u00c0 GEN\u00c8VE&nbsp;!<\/p>\n\n\n<figure class=\"wp-block-image size-large\"><img fetchpriority=\"high\" decoding=\"async\" width=\"722\" height=\"1024\" src=\"https:\/\/gradin-nord.ch\/wp-content\/uploads\/2023\/05\/dep_geneve-1-722x1024.png\" alt=\"\" class=\"wp-image-901\" srcset=\"https:\/\/gradin-nord.ch\/wp-content\/uploads\/2023\/05\/dep_geneve-1-722x1024.png 722w, https:\/\/gradin-nord.ch\/wp-content\/uploads\/2023\/05\/dep_geneve-1-350x497.png 350w, https:\/\/gradin-nord.ch\/wp-content\/uploads\/2023\/05\/dep_geneve-1-211x300.png 211w, https:\/\/gradin-nord.ch\/wp-content\/uploads\/2023\/05\/dep_geneve-1-8x12.png 8w, https:\/\/gradin-nord.ch\/wp-content\/uploads\/2023\/05\/dep_geneve-1.png 730w\" sizes=\"(max-width: 722px) 100vw, 722px\" \/><\/figure>","protected":false},"excerpt":{"rendered":"<p>Samedi 13 mai, nous retrouverons la Praille pour le dernier derby de la saison face \u00e0 Servette. Inutile d\u2019expliquer l\u2019importance de ce match que ce soit sur le terrain ou &hellip; <\/p>\n<p class=\"link-more\"><a href=\"https:\/\/gradin-nord.ch\/de\/envahissons-geneve-13-05-2023\/\" class=\"more-link\"><span class=\"screen-reader-text\">\u00ab\u00a0ENVAHISSONS GEN\u00c8VE &#8211; 13.05.2023\u00a0\u00bb<\/span> weiterlesen<\/a><\/p>","protected":false},"author":1,"featured_media":454,"comment_status":"closed","ping_status":"closed","sticky":false,"template":"","format":"standard","meta":{"_mi_skip_tracking":false,"_monsterinsights_sitenote_active":false,"_monsterinsights_sitenote_note":"","_monsterinsights_sitenote_category":0,"footnotes":""},"categories":[1],"tags":[],"class_list":["post-899","post","type-post","status-publish","format-standard","has-post-thumbnail","hentry","category-non-classe"],"_links":{"self":[{"href":"https:\/\/gradin-nord.ch\/de\/wp-json\/wp\/v2\/posts\/899","targetHints":{"allow":["GET"]}}],"collection":[{"href":"https:\/\/gradin-nord.ch\/de\/wp-json\/wp\/v2\/posts"}],"about":[{"href":"https:\/\/gradin-nord.ch\/de\/wp-json\/wp\/v2\/types\/post"}],"author":[{"embeddable":true,"href":"https:\/\/gradin-nord.ch\/de\/wp-json\/wp\/v2\/users\/1"}],"replies":[{"embeddable":true,"href":"https:\/\/gradin-nord.ch\/de\/wp-json\/wp\/v2\/comments?post=899"}],"version-history":[{"count":0,"href":"https:\/\/gradin-nord.ch\/de\/wp-json\/wp\/v2\/posts\/899\/revisions"}],"wp:featuredmedia":[{"embeddable":true,"href":"https:\/\/gradin-nord.ch\/de\/wp-json\/wp\/v2\/media\/454"}],"wp:attachment":[{"href":"https:\/\/gradin-nord.ch\/de\/wp-json\/wp\/v2\/media?parent=899"}],"wp:term":[{"taxonomy":"category","embeddable":true,"href":"https:\/\/gradin-nord.ch\/de\/wp-json\/wp\/v2\/categories?post=899"},{"taxonomy":"post_tag","embeddable":true,"href":"https:\/\/gradin-nord.ch\/de\/wp-json\/wp\/v2\/tags?post=899"}],"curies":[{"name":"wp","href":"https:\/\/api.w.org\/{rel}","templated":true}]}}