{"id":891,"date":"2023-04-10T18:41:34","date_gmt":"2023-04-10T16:41:34","guid":{"rendered":"https:\/\/gradin-nord.ch\/?p=891"},"modified":"2023-04-10T18:56:10","modified_gmt":"2023-04-10T16:56:10","slug":"ensemble-pour-nos-couleurs","status":"publish","type":"post","link":"https:\/\/gradin-nord.ch\/de\/ensemble-pour-nos-couleurs\/","title":{"rendered":"Ensemble pour nos couleurs !"},"content":{"rendered":"<p>Nous invitons tous les amoureux du club \u00e0 venir soutenir l&rsquo;\u00e9quipe f\u00e9minine du FC Sion le samedi 15 avril \u00e0 Tourbillon ainsi que les M21 le samedi 22 avril.<\/p>\n\n\n\n<div class=\"wp-block-columns is-layout-flex wp-container-core-columns-is-layout-1 wp-block-columns-is-layout-flex\">\n<div class=\"wp-block-column is-layout-flow wp-block-column-is-layout-flow\" style=\"flex-basis:100%\">\n<figure class=\"wp-block-image size-large is-resized\"><img fetchpriority=\"high\" decoding=\"async\" src=\"https:\/\/gradin-nord.ch\/wp-content\/uploads\/2023\/04\/feminine-1-pdf-722x1024.jpg\" alt=\"\" class=\"wp-image-894\" width=\"722\" height=\"1024\"\/><\/figure>\n<\/div>\n<\/div>","protected":false},"excerpt":{"rendered":"<p>Nous invitons tous les amoureux du club \u00e0 venir soutenir l&rsquo;\u00e9quipe f\u00e9minine du FC Sion le samedi 15 avril \u00e0 Tourbillon ainsi que les M21 le samedi 22 avril.<\/p>","protected":false},"author":4,"featured_media":99,"comment_status":"closed","ping_status":"open","sticky":false,"template":"","format":"standard","meta":{"_mi_skip_tracking":false,"_monsterinsights_sitenote_active":false,"_monsterinsights_sitenote_note":"","_monsterinsights_sitenote_category":0,"footnotes":""},"categories":[1],"tags":[],"class_list":["post-891","post","type-post","status-publish","format-standard","has-post-thumbnail","hentry","category-non-classe"],"_links":{"self":[{"href":"https:\/\/gradin-nord.ch\/de\/wp-json\/wp\/v2\/posts\/891","targetHints":{"allow":["GET"]}}],"collection":[{"href":"https:\/\/gradin-nord.ch\/de\/wp-json\/wp\/v2\/posts"}],"about":[{"href":"https:\/\/gradin-nord.ch\/de\/wp-json\/wp\/v2\/types\/post"}],"author":[{"embeddable":true,"href":"https:\/\/gradin-nord.ch\/de\/wp-json\/wp\/v2\/users\/4"}],"replies":[{"embeddable":true,"href":"https:\/\/gradin-nord.ch\/de\/wp-json\/wp\/v2\/comments?post=891"}],"version-history":[{"count":0,"href":"https:\/\/gradin-nord.ch\/de\/wp-json\/wp\/v2\/posts\/891\/revisions"}],"wp:featuredmedia":[{"embeddable":true,"href":"https:\/\/gradin-nord.ch\/de\/wp-json\/wp\/v2\/media\/99"}],"wp:attachment":[{"href":"https:\/\/gradin-nord.ch\/de\/wp-json\/wp\/v2\/media?parent=891"}],"wp:term":[{"taxonomy":"category","embeddable":true,"href":"https:\/\/gradin-nord.ch\/de\/wp-json\/wp\/v2\/categories?post=891"},{"taxonomy":"post_tag","embeddable":true,"href":"https:\/\/gradin-nord.ch\/de\/wp-json\/wp\/v2\/tags?post=891"}],"curies":[{"name":"wp","href":"https:\/\/api.w.org\/{rel}","templated":true}]}}