{"id":877,"date":"2023-03-01T12:00:00","date_gmt":"2023-03-01T11:00:00","guid":{"rendered":"https:\/\/gradin-nord.ch\/?p=877"},"modified":"2023-03-01T10:09:29","modified_gmt":"2023-03-01T09:09:29","slug":"communique-2","status":"publish","type":"post","link":"https:\/\/gradin-nord.ch\/de\/communique-2\/","title":{"rendered":"COMMUNIQU\u00c9"},"content":{"rendered":"<p style=\"text-align: justify;\">4 Punkte aus 11 Spielen, so lautet die aktuelle Bilanz des FC Sion. Nicht nur, dass wir vier Heimspiele in Folge verloren haben, nein, zudem waren es auch noch Dem\u00fctigungen die wir hinnehmen mussten, wie letzten Samstag gegen St. Gallen in unsere Heimst\u00e4tte Tourbillon. Angewidert und w\u00fctend nach dem vierten St. Galler Tor, beschlossen wir, unseren Platz im Gradin Nord zu verlassen. Wir haben uns immer daf\u00fcr entschieden, den Verein anzufeuern, aber angesichts solcher Ohrfeigen war es uns nicht mehr m\u00f6glich, die Augen zu verschlie\u00dfen.<\/p>\n<p style=\"text-align: justify;\">Wenn wir heute das Wort ergreifen, dann deshalb, weil wir morgen stumm bleiben werden. Zumindest f\u00fcr die ersten 20 Minuten des Spiels gegen Lugano. Wir behalten uns das Recht vor, unseren Unmut wie \u00fcblich w\u00e4hrend des Spiels zum Ausdruck zu bringen. Gegen das miserable Spektakel auf dem Spielfeld, aber auch gegen das katastrophale Management des Vereins in den letzten Jahren. Zwischen st\u00e4ndigen Trainerwechseln, verkorksten Transfers, die darauf abzielten, alte, ausgediente Fussballk\u00fcnstler herauszufischen und einem instabilen sowie ungesunden Klima, erlebt unser FC Sion seine schwersten Jahre. Trotzdem werden wir ab der 21. Minute wieder f\u00fcr den Verein in der Kurve stehen und ihn anfeuern, einzig und allein aus Liebe zu diesem legend\u00e4ren Wappen.<\/p>\n<p style=\"text-align: justify;\">Was das verbrannte Trikot betrifft, so ist es offensichtlich, dass die Gruppen aus dem Gradin Nord nichts mit dem zu tun haben. Das Wappen auf diesem Trikot ist uns viel zu wichtig, um es in Flammen aufgehen zu sehen.<\/p>\n<p style=\"text-align: justify;\">Seid w\u00fcrdig, diese Farben zu tragen, seid w\u00fcrdig, unseren Herzensverein zu f\u00fchren. Fer Sitte.<\/p>\n<p style=\"text-align: right;\"><strong>DIE GRUPPEN DES GRADIN NORD<\/strong><\/p>","protected":false},"excerpt":{"rendered":"<p>4 points en 11 matchs, c\u2019est le bilan fam\u00e9lique du FC Sion actuellement. Non seulement nous restons sur 4 d\u00e9faites cons\u00e9cutives \u00e0 domicile, mais en plus nous devons subir des &hellip; <\/p>\n<p class=\"link-more\"><a href=\"https:\/\/gradin-nord.ch\/de\/communique-2\/\" class=\"more-link\"><span class=\"screen-reader-text\">\u00ab\u00a0COMMUNIQU\u00c9\u00a0\u00bb<\/span> weiterlesen<\/a><\/p>","protected":false},"author":1,"featured_media":322,"comment_status":"closed","ping_status":"closed","sticky":false,"template":"","format":"standard","meta":{"_mi_skip_tracking":false,"_monsterinsights_sitenote_active":false,"_monsterinsights_sitenote_note":"","_monsterinsights_sitenote_category":0,"footnotes":""},"categories":[1],"tags":[],"class_list":["post-877","post","type-post","status-publish","format-standard","has-post-thumbnail","hentry","category-non-classe"],"_links":{"self":[{"href":"https:\/\/gradin-nord.ch\/de\/wp-json\/wp\/v2\/posts\/877","targetHints":{"allow":["GET"]}}],"collection":[{"href":"https:\/\/gradin-nord.ch\/de\/wp-json\/wp\/v2\/posts"}],"about":[{"href":"https:\/\/gradin-nord.ch\/de\/wp-json\/wp\/v2\/types\/post"}],"author":[{"embeddable":true,"href":"https:\/\/gradin-nord.ch\/de\/wp-json\/wp\/v2\/users\/1"}],"replies":[{"embeddable":true,"href":"https:\/\/gradin-nord.ch\/de\/wp-json\/wp\/v2\/comments?post=877"}],"version-history":[{"count":0,"href":"https:\/\/gradin-nord.ch\/de\/wp-json\/wp\/v2\/posts\/877\/revisions"}],"wp:featuredmedia":[{"embeddable":true,"href":"https:\/\/gradin-nord.ch\/de\/wp-json\/wp\/v2\/media\/322"}],"wp:attachment":[{"href":"https:\/\/gradin-nord.ch\/de\/wp-json\/wp\/v2\/media?parent=877"}],"wp:term":[{"taxonomy":"category","embeddable":true,"href":"https:\/\/gradin-nord.ch\/de\/wp-json\/wp\/v2\/categories?post=877"},{"taxonomy":"post_tag","embeddable":true,"href":"https:\/\/gradin-nord.ch\/de\/wp-json\/wp\/v2\/tags?post=877"}],"curies":[{"name":"wp","href":"https:\/\/api.w.org\/{rel}","templated":true}]}}