{"id":856,"date":"2023-01-03T17:22:00","date_gmt":"2023-01-03T16:22:00","guid":{"rendered":"https:\/\/gradin-nord.ch\/?p=856"},"modified":"2023-01-03T17:45:47","modified_gmt":"2023-01-03T16:45:47","slug":"tous-a-geneve-29-01-2023","status":"publish","type":"post","link":"https:\/\/gradin-nord.ch\/de\/tous-a-geneve-29-01-2023\/","title":{"rendered":"TOUS \u00c0 GEN\u00c8VE ! 29.01.2023"},"content":{"rendered":"<p>Un train sp\u00e9cial est organis\u00e9 pour ce d\u00e9placement tant attendu chez les gRenATS.<\/p>\n\n\n\n<p>Pas d&rsquo;excuses, remplissons ce secteur et portons fi\u00e8rement nos couleurs dans ce stade d\u00e9labr\u00e9.<\/p>\n\n\n\n<p><strong>POUR SION !<\/strong><\/p>\n\n\n\n<figure class=\"wp-block-image size-large\"><img fetchpriority=\"high\" decoding=\"async\" width=\"724\" height=\"1024\" src=\"https:\/\/gradin-nord.ch\/wp-content\/uploads\/2023\/01\/gemerda-724x1024.jpg\" alt=\"\" class=\"wp-image-860\" srcset=\"https:\/\/gradin-nord.ch\/wp-content\/uploads\/2023\/01\/gemerda-724x1024.jpg 724w, https:\/\/gradin-nord.ch\/wp-content\/uploads\/2023\/01\/gemerda-scaled-350x495.jpg 350w, https:\/\/gradin-nord.ch\/wp-content\/uploads\/2023\/01\/gemerda-212x300.jpg 212w, https:\/\/gradin-nord.ch\/wp-content\/uploads\/2023\/01\/gemerda-768x1086.jpg 768w, https:\/\/gradin-nord.ch\/wp-content\/uploads\/2023\/01\/gemerda-1086x1536.jpg 1086w, https:\/\/gradin-nord.ch\/wp-content\/uploads\/2023\/01\/gemerda-1448x2048.jpg 1448w, https:\/\/gradin-nord.ch\/wp-content\/uploads\/2023\/01\/gemerda-8x12.jpg 8w, https:\/\/gradin-nord.ch\/wp-content\/uploads\/2023\/01\/gemerda-scaled.jpg 1810w\" sizes=\"(max-width: 724px) 100vw, 724px\" \/><\/figure>","protected":false},"excerpt":{"rendered":"<p>Un train sp\u00e9cial est organis\u00e9 pour ce d\u00e9placement tant attendu chez les gRenATS. Pas d&rsquo;excuses, remplissons ce secteur et portons fi\u00e8rement nos couleurs dans ce stade d\u00e9labr\u00e9. POUR SION !<\/p>","protected":false},"author":4,"featured_media":454,"comment_status":"closed","ping_status":"open","sticky":false,"template":"","format":"standard","meta":{"_mi_skip_tracking":false,"_monsterinsights_sitenote_active":false,"_monsterinsights_sitenote_note":"","_monsterinsights_sitenote_category":0,"footnotes":""},"categories":[1],"tags":[],"class_list":["post-856","post","type-post","status-publish","format-standard","has-post-thumbnail","hentry","category-non-classe"],"_links":{"self":[{"href":"https:\/\/gradin-nord.ch\/de\/wp-json\/wp\/v2\/posts\/856","targetHints":{"allow":["GET"]}}],"collection":[{"href":"https:\/\/gradin-nord.ch\/de\/wp-json\/wp\/v2\/posts"}],"about":[{"href":"https:\/\/gradin-nord.ch\/de\/wp-json\/wp\/v2\/types\/post"}],"author":[{"embeddable":true,"href":"https:\/\/gradin-nord.ch\/de\/wp-json\/wp\/v2\/users\/4"}],"replies":[{"embeddable":true,"href":"https:\/\/gradin-nord.ch\/de\/wp-json\/wp\/v2\/comments?post=856"}],"version-history":[{"count":0,"href":"https:\/\/gradin-nord.ch\/de\/wp-json\/wp\/v2\/posts\/856\/revisions"}],"wp:featuredmedia":[{"embeddable":true,"href":"https:\/\/gradin-nord.ch\/de\/wp-json\/wp\/v2\/media\/454"}],"wp:attachment":[{"href":"https:\/\/gradin-nord.ch\/de\/wp-json\/wp\/v2\/media?parent=856"}],"wp:term":[{"taxonomy":"category","embeddable":true,"href":"https:\/\/gradin-nord.ch\/de\/wp-json\/wp\/v2\/categories?post=856"},{"taxonomy":"post_tag","embeddable":true,"href":"https:\/\/gradin-nord.ch\/de\/wp-json\/wp\/v2\/tags?post=856"}],"curies":[{"name":"wp","href":"https:\/\/api.w.org\/{rel}","templated":true}]}}