{"id":84,"date":"2019-10-21T20:00:34","date_gmt":"2019-10-21T18:00:34","guid":{"rendered":"http:\/\/gradin-nord.ch\/?p=84"},"modified":"2019-10-22T20:23:06","modified_gmt":"2019-10-22T18:23:06","slug":"ouverture-site-internet-du-gradin-nord","status":"publish","type":"post","link":"https:\/\/gradin-nord.ch\/de\/ouverture-site-internet-du-gradin-nord\/","title":{"rendered":"Gradin-Nord.ch"},"content":{"rendered":"<p>Hallo,<\/p>\n\n\n<p style=\"text-align: justify;\" class=\" translation-block\">Die aktiven Fangruppen des FC Sion freuen sich, euch die Webseite des Gradin Nord zu pr\u00e4sentieren. Die Seite versorgt euch k\u00fcnftig als offizielles Sprachrohr mit Informationen aus der Kurve und soll die Kommunikation mit allen Interessierten erleichtern. Es handelt sich hierbei um den <strong>EINZIGEN<\/strong> Kommunikationskanal des Gradin Nord. Die zahlreichen Social-Media-Accounts mit Fan-Bezug aus Sion entstammen nicht der aktiven Szene. Dementsprechend ist auch deren Relevanz zu werten. Die Webseite befindet sich noch im Aufbau.<\/p>\n\n\n<p><strong>Social Media :<\/strong><\/p>\n\n\n<p style=\"text-align: justify;\" class=\" translation-block\">Wir leben unsere Leidenschaft im Stadion und nicht auf Social Media. Wir appellieren erneut an alle Fans, im Gradin keine Fotos und Videos zu machen. Ihr spielt damit nur der Polizei und unseren Gegnern in die H\u00e4nde und schadet den eigenen Leuten. Lasst w\u00e4hrend des Spiels euer Smartphone in der Tasche und unterst\u00fctzt stattdessen die Mannschaft mit vollem Einsatz.<\/p>","protected":false},"excerpt":{"rendered":"<p>Bonjour, Les groupes de supporters du Gradin-Nord ont le plaisir de vous pr\u00e9senter leur site \u00a0! Ce nouveau support de communication a \u00e9t\u00e9 mis en place afin de faciliter le &hellip; <\/p>\n<p class=\"link-more\"><a href=\"https:\/\/gradin-nord.ch\/de\/ouverture-site-internet-du-gradin-nord\/\" class=\"more-link\"><span class=\"screen-reader-text\">\u00ab\u00a0Gradin-Nord.ch\u00a0\u00bb<\/span> weiterlesen<\/a><\/p>","protected":false},"author":1,"featured_media":116,"comment_status":"closed","ping_status":"closed","sticky":false,"template":"","format":"standard","meta":{"_mi_skip_tracking":false,"_monsterinsights_sitenote_active":false,"_monsterinsights_sitenote_note":"","_monsterinsights_sitenote_category":0,"footnotes":""},"categories":[1],"tags":[],"class_list":["post-84","post","type-post","status-publish","format-standard","has-post-thumbnail","hentry","category-non-classe"],"_links":{"self":[{"href":"https:\/\/gradin-nord.ch\/de\/wp-json\/wp\/v2\/posts\/84","targetHints":{"allow":["GET"]}}],"collection":[{"href":"https:\/\/gradin-nord.ch\/de\/wp-json\/wp\/v2\/posts"}],"about":[{"href":"https:\/\/gradin-nord.ch\/de\/wp-json\/wp\/v2\/types\/post"}],"author":[{"embeddable":true,"href":"https:\/\/gradin-nord.ch\/de\/wp-json\/wp\/v2\/users\/1"}],"replies":[{"embeddable":true,"href":"https:\/\/gradin-nord.ch\/de\/wp-json\/wp\/v2\/comments?post=84"}],"version-history":[{"count":0,"href":"https:\/\/gradin-nord.ch\/de\/wp-json\/wp\/v2\/posts\/84\/revisions"}],"wp:featuredmedia":[{"embeddable":true,"href":"https:\/\/gradin-nord.ch\/de\/wp-json\/wp\/v2\/media\/116"}],"wp:attachment":[{"href":"https:\/\/gradin-nord.ch\/de\/wp-json\/wp\/v2\/media?parent=84"}],"wp:term":[{"taxonomy":"category","embeddable":true,"href":"https:\/\/gradin-nord.ch\/de\/wp-json\/wp\/v2\/categories?post=84"},{"taxonomy":"post_tag","embeddable":true,"href":"https:\/\/gradin-nord.ch\/de\/wp-json\/wp\/v2\/tags?post=84"}],"curies":[{"name":"wp","href":"https:\/\/api.w.org\/{rel}","templated":true}]}}