{"id":791,"date":"2022-08-23T18:51:41","date_gmt":"2022-08-23T16:51:41","guid":{"rendered":"https:\/\/gradin-nord.ch\/?p=791"},"modified":"2022-08-24T10:55:06","modified_gmt":"2022-08-24T08:55:06","slug":"deplacement-a-lucerne-27-08-2022-horaires","status":"publish","type":"post","link":"https:\/\/gradin-nord.ch\/de\/deplacement-a-lucerne-27-08-2022-horaires\/","title":{"rendered":"Ausw\u00e4rtsfahrt nach Luzern - 27.08.2022 - Fahrpl\u00e4ne"},"content":{"rendered":"<p>Untenstehend findet ihr die Fahrpl\u00e4ne und Preisinformationen zum Extrazug nach Luzern an diesem Samstag, 27. August 2022.<\/p>\n\n\n\n<p><strong>ALLI UF LUZ\u00c4RE !<\/strong><\/p>\n\n\n\n<figure class=\"wp-block-image size-large\"><img fetchpriority=\"high\" decoding=\"async\" width=\"722\" height=\"1024\" src=\"https:\/\/gradin-nord.ch\/wp-content\/uploads\/2022\/08\/dep-luzern-722x1024.jpg\" alt=\"\" class=\"wp-image-792\" srcset=\"https:\/\/gradin-nord.ch\/wp-content\/uploads\/2022\/08\/dep-luzern-722x1024.jpg 722w, https:\/\/gradin-nord.ch\/wp-content\/uploads\/2022\/08\/dep-luzern-350x497.jpg 350w, https:\/\/gradin-nord.ch\/wp-content\/uploads\/2022\/08\/dep-luzern-211x300.jpg 211w, https:\/\/gradin-nord.ch\/wp-content\/uploads\/2022\/08\/dep-luzern-768x1090.jpg 768w, https:\/\/gradin-nord.ch\/wp-content\/uploads\/2022\/08\/dep-luzern-1083x1536.jpg 1083w, https:\/\/gradin-nord.ch\/wp-content\/uploads\/2022\/08\/dep-luzern-1444x2048.jpg 1444w, https:\/\/gradin-nord.ch\/wp-content\/uploads\/2022\/08\/dep-luzern-8x12.jpg 8w, https:\/\/gradin-nord.ch\/wp-content\/uploads\/2022\/08\/dep-luzern.jpg 1748w\" sizes=\"(max-width: 722px) 100vw, 722px\" \/><\/figure>","protected":false},"excerpt":{"rendered":"<p>Untenstehend findet ihr die Fahrpl\u00e4ne und Preisinformationen zum Extrazug nach Luzern an diesem Samstag, 27. August 2022. ALLI UF LUZ\u00c4RE !<\/p>","protected":false},"author":4,"featured_media":454,"comment_status":"closed","ping_status":"open","sticky":false,"template":"","format":"standard","meta":{"_mi_skip_tracking":false,"_monsterinsights_sitenote_active":false,"_monsterinsights_sitenote_note":"","_monsterinsights_sitenote_category":0,"footnotes":""},"categories":[1],"tags":[],"class_list":["post-791","post","type-post","status-publish","format-standard","has-post-thumbnail","hentry","category-non-classe"],"_links":{"self":[{"href":"https:\/\/gradin-nord.ch\/de\/wp-json\/wp\/v2\/posts\/791","targetHints":{"allow":["GET"]}}],"collection":[{"href":"https:\/\/gradin-nord.ch\/de\/wp-json\/wp\/v2\/posts"}],"about":[{"href":"https:\/\/gradin-nord.ch\/de\/wp-json\/wp\/v2\/types\/post"}],"author":[{"embeddable":true,"href":"https:\/\/gradin-nord.ch\/de\/wp-json\/wp\/v2\/users\/4"}],"replies":[{"embeddable":true,"href":"https:\/\/gradin-nord.ch\/de\/wp-json\/wp\/v2\/comments?post=791"}],"version-history":[{"count":0,"href":"https:\/\/gradin-nord.ch\/de\/wp-json\/wp\/v2\/posts\/791\/revisions"}],"wp:featuredmedia":[{"embeddable":true,"href":"https:\/\/gradin-nord.ch\/de\/wp-json\/wp\/v2\/media\/454"}],"wp:attachment":[{"href":"https:\/\/gradin-nord.ch\/de\/wp-json\/wp\/v2\/media?parent=791"}],"wp:term":[{"taxonomy":"category","embeddable":true,"href":"https:\/\/gradin-nord.ch\/de\/wp-json\/wp\/v2\/categories?post=791"},{"taxonomy":"post_tag","embeddable":true,"href":"https:\/\/gradin-nord.ch\/de\/wp-json\/wp\/v2\/tags?post=791"}],"curies":[{"name":"wp","href":"https:\/\/api.w.org\/{rel}","templated":true}]}}