{"id":777,"date":"2022-07-29T21:10:16","date_gmt":"2022-07-29T19:10:16","guid":{"rendered":"https:\/\/gradin-nord.ch\/?p=777"},"modified":"2022-07-29T21:13:12","modified_gmt":"2022-07-29T19:13:12","slug":"info-derby-samedi-30-juillet","status":"publish","type":"post","link":"https:\/\/gradin-nord.ch\/de\/info-derby-samedi-30-juillet\/","title":{"rendered":"Infos zum Derby vom 30. Juli"},"content":{"rendered":"<p>Zum morgigen Derby gegen Servette laden wir alle treuen Sion Fans im Gradin Nord dazu ein, ein rotes T Shirt anzuziehen. Es wird eine optische Aktion zu Ehren unserer Farben geben.<\/p>\n\n\n\n<p><\/p>\n\n\n\n<p>F\u00fcr SION !<\/p>\n\n\n\n<p><\/p>","protected":false},"excerpt":{"rendered":"<p>A l\u2019occasion du derby de demain contre Servette, nous encourageons tous les supporters fr\u00e9quentant le Gradin Nord \u00e0 venir habill\u00e9s en rouge. Une petite animation sera pr\u00e9vue \u00e0 la gloire &hellip; <\/p>\n<p class=\"link-more\"><a href=\"https:\/\/gradin-nord.ch\/de\/info-derby-samedi-30-juillet\/\" class=\"more-link\"><span class=\"screen-reader-text\">\u00ab\u00a0Info derby samedi 30 juillet\u00a0\u00bb<\/span> weiterlesen<\/a><\/p>","protected":false},"author":1,"featured_media":544,"comment_status":"closed","ping_status":"open","sticky":false,"template":"","format":"standard","meta":{"_mi_skip_tracking":false,"_monsterinsights_sitenote_active":false,"_monsterinsights_sitenote_note":"","_monsterinsights_sitenote_category":0,"footnotes":""},"categories":[1],"tags":[],"class_list":["post-777","post","type-post","status-publish","format-standard","has-post-thumbnail","hentry","category-non-classe"],"_links":{"self":[{"href":"https:\/\/gradin-nord.ch\/de\/wp-json\/wp\/v2\/posts\/777","targetHints":{"allow":["GET"]}}],"collection":[{"href":"https:\/\/gradin-nord.ch\/de\/wp-json\/wp\/v2\/posts"}],"about":[{"href":"https:\/\/gradin-nord.ch\/de\/wp-json\/wp\/v2\/types\/post"}],"author":[{"embeddable":true,"href":"https:\/\/gradin-nord.ch\/de\/wp-json\/wp\/v2\/users\/1"}],"replies":[{"embeddable":true,"href":"https:\/\/gradin-nord.ch\/de\/wp-json\/wp\/v2\/comments?post=777"}],"version-history":[{"count":0,"href":"https:\/\/gradin-nord.ch\/de\/wp-json\/wp\/v2\/posts\/777\/revisions"}],"wp:featuredmedia":[{"embeddable":true,"href":"https:\/\/gradin-nord.ch\/de\/wp-json\/wp\/v2\/media\/544"}],"wp:attachment":[{"href":"https:\/\/gradin-nord.ch\/de\/wp-json\/wp\/v2\/media?parent=777"}],"wp:term":[{"taxonomy":"category","embeddable":true,"href":"https:\/\/gradin-nord.ch\/de\/wp-json\/wp\/v2\/categories?post=777"},{"taxonomy":"post_tag","embeddable":true,"href":"https:\/\/gradin-nord.ch\/de\/wp-json\/wp\/v2\/tags?post=777"}],"curies":[{"name":"wp","href":"https:\/\/api.w.org\/{rel}","templated":true}]}}