{"id":730,"date":"2022-06-15T17:48:53","date_gmt":"2022-06-15T15:48:53","guid":{"rendered":"https:\/\/gradin-nord.ch\/?p=730"},"modified":"2022-06-15T18:22:32","modified_gmt":"2022-06-15T16:22:32","slug":"repose-en-paix-theli","status":"publish","type":"post","link":"https:\/\/gradin-nord.ch\/de\/repose-en-paix-theli\/","title":{"rendered":"R\u00fceh in Fride Theli"},"content":{"rendered":"<p class=\" translation-block\">Schweren Herzens muss die Gradin Nord Familie Abschied nehmen von ihrem verstorbenen Freund und FC Sion Fan <strong>Theli <\/strong>(\u202017).<\/p>\n\n\n\n<p><\/p>\n\n\n\n<p>Wir sprechen seiner Familie und seinen engsten Vertrauten unser herzliches Beileid aus<\/p>\n\n\n\n<p><\/p>\n\n\n\n<p>R\u00dcEH IN FRIDE THELI<\/p>\n\n\n\n<p>2005-2022<\/p>","protected":false},"excerpt":{"rendered":"<p>C&rsquo;est avec le c\u0153ur lourd que la famille du Gradin Nord doit prendre connaissance du d\u00e9c\u00e8s de son ami Theli (\u202017), jeune supporter du FC Sion. Nous pr\u00e9sentons nos sinc\u00e8res &hellip; <\/p>\n<p class=\"link-more\"><a href=\"https:\/\/gradin-nord.ch\/de\/repose-en-paix-theli\/\" class=\"more-link\"><span class=\"screen-reader-text\">\u00ab\u00a0Repose en paix Theli\u00a0\u00bb<\/span> weiterlesen<\/a><\/p>","protected":false},"author":1,"featured_media":733,"comment_status":"closed","ping_status":"open","sticky":false,"template":"","format":"standard","meta":{"_mi_skip_tracking":false,"_monsterinsights_sitenote_active":false,"_monsterinsights_sitenote_note":"","_monsterinsights_sitenote_category":0,"footnotes":""},"categories":[1],"tags":[],"class_list":["post-730","post","type-post","status-publish","format-standard","has-post-thumbnail","hentry","category-non-classe"],"_links":{"self":[{"href":"https:\/\/gradin-nord.ch\/de\/wp-json\/wp\/v2\/posts\/730","targetHints":{"allow":["GET"]}}],"collection":[{"href":"https:\/\/gradin-nord.ch\/de\/wp-json\/wp\/v2\/posts"}],"about":[{"href":"https:\/\/gradin-nord.ch\/de\/wp-json\/wp\/v2\/types\/post"}],"author":[{"embeddable":true,"href":"https:\/\/gradin-nord.ch\/de\/wp-json\/wp\/v2\/users\/1"}],"replies":[{"embeddable":true,"href":"https:\/\/gradin-nord.ch\/de\/wp-json\/wp\/v2\/comments?post=730"}],"version-history":[{"count":0,"href":"https:\/\/gradin-nord.ch\/de\/wp-json\/wp\/v2\/posts\/730\/revisions"}],"wp:featuredmedia":[{"embeddable":true,"href":"https:\/\/gradin-nord.ch\/de\/wp-json\/wp\/v2\/media\/733"}],"wp:attachment":[{"href":"https:\/\/gradin-nord.ch\/de\/wp-json\/wp\/v2\/media?parent=730"}],"wp:term":[{"taxonomy":"category","embeddable":true,"href":"https:\/\/gradin-nord.ch\/de\/wp-json\/wp\/v2\/categories?post=730"},{"taxonomy":"post_tag","embeddable":true,"href":"https:\/\/gradin-nord.ch\/de\/wp-json\/wp\/v2\/tags?post=730"}],"curies":[{"name":"wp","href":"https:\/\/api.w.org\/{rel}","templated":true}]}}