{"id":697,"date":"2022-05-21T18:01:34","date_gmt":"2022-05-21T16:01:34","guid":{"rendered":"https:\/\/gradin-nord.ch\/?p=697"},"modified":"2022-05-21T23:57:30","modified_gmt":"2022-05-21T21:57:30","slug":"derby-sion-servette","status":"publish","type":"post","link":"https:\/\/gradin-nord.ch\/de\/derby-sion-servette\/","title":{"rendered":"Derby Sion-Servette"},"content":{"rendered":"<p>Wir laden alle Besucher des Gradin Nord dazu ein, am Sonntag im Stadion die Vereinsfarben zu tragen. Lasst uns das Stadion in Rot und Weiss erstrahlen.<\/p>\n\n\n\n<p><\/p>\n\n\n\n<p>Eine grosse Choreo wurde vorbereitet und wir bitten euch alle, gem\u00e4ss den Instruktionen daran teilzunehmen. F\u00fcr die Finanzierung der Choreo werden Schals f\u00fcr 20 CHF verkauft. <\/p>\n\n\n\n<p><\/p>\n\n\n\n<p>GEMEINSAM GENF ZERSCHLAGEN!<\/p>\n\n\n\n<p><\/p>\n\n\n\n<p><\/p>\n\n\n\n<p><\/p>","protected":false},"excerpt":{"rendered":"<p>Nous invitons tous les pensionnaires du Gradin Nord \u00e0 venir dimanche au stade avec les couleurs du club. Faisons rayonner le rouge et le blanc dans NOTRE antre. Un tifo &hellip; <\/p>\n<p class=\"link-more\"><a href=\"https:\/\/gradin-nord.ch\/de\/derby-sion-servette\/\" class=\"more-link\"><span class=\"screen-reader-text\">\u00ab\u00a0Derby Sion-Servette\u00a0\u00bb<\/span> weiterlesen<\/a><\/p>","protected":false},"author":1,"featured_media":544,"comment_status":"closed","ping_status":"open","sticky":false,"template":"","format":"standard","meta":{"_mi_skip_tracking":false,"_monsterinsights_sitenote_active":false,"_monsterinsights_sitenote_note":"","_monsterinsights_sitenote_category":0,"footnotes":""},"categories":[1],"tags":[],"class_list":["post-697","post","type-post","status-publish","format-standard","has-post-thumbnail","hentry","category-non-classe"],"_links":{"self":[{"href":"https:\/\/gradin-nord.ch\/de\/wp-json\/wp\/v2\/posts\/697","targetHints":{"allow":["GET"]}}],"collection":[{"href":"https:\/\/gradin-nord.ch\/de\/wp-json\/wp\/v2\/posts"}],"about":[{"href":"https:\/\/gradin-nord.ch\/de\/wp-json\/wp\/v2\/types\/post"}],"author":[{"embeddable":true,"href":"https:\/\/gradin-nord.ch\/de\/wp-json\/wp\/v2\/users\/1"}],"replies":[{"embeddable":true,"href":"https:\/\/gradin-nord.ch\/de\/wp-json\/wp\/v2\/comments?post=697"}],"version-history":[{"count":0,"href":"https:\/\/gradin-nord.ch\/de\/wp-json\/wp\/v2\/posts\/697\/revisions"}],"wp:featuredmedia":[{"embeddable":true,"href":"https:\/\/gradin-nord.ch\/de\/wp-json\/wp\/v2\/media\/544"}],"wp:attachment":[{"href":"https:\/\/gradin-nord.ch\/de\/wp-json\/wp\/v2\/media?parent=697"}],"wp:term":[{"taxonomy":"category","embeddable":true,"href":"https:\/\/gradin-nord.ch\/de\/wp-json\/wp\/v2\/categories?post=697"},{"taxonomy":"post_tag","embeddable":true,"href":"https:\/\/gradin-nord.ch\/de\/wp-json\/wp\/v2\/tags?post=697"}],"curies":[{"name":"wp","href":"https:\/\/api.w.org\/{rel}","templated":true}]}}