{"id":676,"date":"2022-04-29T14:08:58","date_gmt":"2022-04-29T12:08:58","guid":{"rendered":"https:\/\/gradin-nord.ch\/?p=676"},"modified":"2022-04-29T15:41:57","modified_gmt":"2022-04-29T13:41:57","slug":"deplacement-a-lausanne-19-05-2022","status":"publish","type":"post","link":"https:\/\/gradin-nord.ch\/de\/deplacement-a-lausanne-19-05-2022\/","title":{"rendered":"Ausw\u00e4rtsfahrt nach Lausanne - 19.05.2022"},"content":{"rendered":"<p style=\"text-align: justify;\">Am 19. Mai reisen wir zum vorletzten Spieltag der Saison nach Lausanne. F\u00fcr diese Ausw\u00e4rtsfahrt organisiert der Gradin Nord einen Extrazug ab Brig mit Halt in weiteren St\u00e4dten des Kantons Wallis.<\/p>\n<p style=\"text-align: justify;\">Unabh\u00e4ngig von unserer Platzierung in der Tabelle ermutigen wir alle Fans des FC Sion, ein erstes und f\u00fcr lange Zeit letztes Mal zahlreich ins Stade la Tuilli\u00e8re zu str\u00f6men.<\/p>\n<p style=\"text-align: justify;\">Gemeinsam werden wir dem kommenden Absteiger unsere Farben, unsere Leidenschaft und unseren Eifer demonstrieren.<\/p>\n<p style=\"text-align: justify;\">Vom Bahnhof aus marschieren wir alle zusammen zum Stadion.<\/p>\n<p style=\"text-align: justify;\">ALLI UF LAUSANNE !<\/p>\n\n\n<figure class=\"wp-block-image size-large\"><img fetchpriority=\"high\" decoding=\"async\" width=\"730\" height=\"1024\" src=\"https:\/\/gradin-nord.ch\/wp-content\/uploads\/2022\/04\/photo_2022-04-28_13-17-05-730x1024.jpg\" alt=\"\" class=\"wp-image-677\" srcset=\"https:\/\/gradin-nord.ch\/wp-content\/uploads\/2022\/04\/photo_2022-04-28_13-17-05-730x1024.jpg 730w, https:\/\/gradin-nord.ch\/wp-content\/uploads\/2022\/04\/photo_2022-04-28_13-17-05-350x491.jpg 350w, https:\/\/gradin-nord.ch\/wp-content\/uploads\/2022\/04\/photo_2022-04-28_13-17-05-214x300.jpg 214w, https:\/\/gradin-nord.ch\/wp-content\/uploads\/2022\/04\/photo_2022-04-28_13-17-05-768x1078.jpg 768w, https:\/\/gradin-nord.ch\/wp-content\/uploads\/2022\/04\/photo_2022-04-28_13-17-05-9x12.jpg 9w, https:\/\/gradin-nord.ch\/wp-content\/uploads\/2022\/04\/photo_2022-04-28_13-17-05.jpg 912w\" sizes=\"(max-width: 730px) 100vw, 730px\" \/><\/figure>","protected":false},"excerpt":{"rendered":"<p>Le 19 mai, nous nous d\u00e9placerons \u00e0 Lausanne pour l&rsquo;avant-derni\u00e8re journ\u00e9e du championnat. Pour ce court d\u00e9placement, le Gradin Nord organise un train sp\u00e9cial qui partira de Brigue et qui &hellip; <\/p>\n<p class=\"link-more\"><a href=\"https:\/\/gradin-nord.ch\/de\/deplacement-a-lausanne-19-05-2022\/\" class=\"more-link\"><span class=\"screen-reader-text\">\u00ab\u00a0D\u00e9placement \u00e0 Lausanne &#8211; 19.05.2022\u00a0\u00bb<\/span> weiterlesen<\/a><\/p>","protected":false},"author":1,"featured_media":454,"comment_status":"closed","ping_status":"closed","sticky":false,"template":"","format":"standard","meta":{"_mi_skip_tracking":false,"_monsterinsights_sitenote_active":false,"_monsterinsights_sitenote_note":"","_monsterinsights_sitenote_category":0,"footnotes":""},"categories":[1],"tags":[],"class_list":["post-676","post","type-post","status-publish","format-standard","has-post-thumbnail","hentry","category-non-classe"],"_links":{"self":[{"href":"https:\/\/gradin-nord.ch\/de\/wp-json\/wp\/v2\/posts\/676","targetHints":{"allow":["GET"]}}],"collection":[{"href":"https:\/\/gradin-nord.ch\/de\/wp-json\/wp\/v2\/posts"}],"about":[{"href":"https:\/\/gradin-nord.ch\/de\/wp-json\/wp\/v2\/types\/post"}],"author":[{"embeddable":true,"href":"https:\/\/gradin-nord.ch\/de\/wp-json\/wp\/v2\/users\/1"}],"replies":[{"embeddable":true,"href":"https:\/\/gradin-nord.ch\/de\/wp-json\/wp\/v2\/comments?post=676"}],"version-history":[{"count":0,"href":"https:\/\/gradin-nord.ch\/de\/wp-json\/wp\/v2\/posts\/676\/revisions"}],"wp:featuredmedia":[{"embeddable":true,"href":"https:\/\/gradin-nord.ch\/de\/wp-json\/wp\/v2\/media\/454"}],"wp:attachment":[{"href":"https:\/\/gradin-nord.ch\/de\/wp-json\/wp\/v2\/media?parent=676"}],"wp:term":[{"taxonomy":"category","embeddable":true,"href":"https:\/\/gradin-nord.ch\/de\/wp-json\/wp\/v2\/categories?post=676"},{"taxonomy":"post_tag","embeddable":true,"href":"https:\/\/gradin-nord.ch\/de\/wp-json\/wp\/v2\/tags?post=676"}],"curies":[{"name":"wp","href":"https:\/\/api.w.org\/{rel}","templated":true}]}}