{"id":451,"date":"2020-01-31T12:37:47","date_gmt":"2020-01-31T11:37:47","guid":{"rendered":"https:\/\/gradin-nord.ch\/?p=451"},"modified":"2020-01-31T13:52:17","modified_gmt":"2020-01-31T12:52:17","slug":"deplacement-a-yb-08-02-2020","status":"publish","type":"post","link":"https:\/\/gradin-nord.ch\/de\/deplacement-a-yb-08-02-2020\/","title":{"rendered":"Ausw\u00e4rtsfahrt nach Bern - 08.02.2020"},"content":{"rendered":"<p>Alle zusammen in die Hauptstadt! F\u00fcr das Ausw\u00e4rtsspiel am 8. Februar in Bern wird ein Extrazug organisiert. Matchtickets werden im Zug verkauft. Hier alle weiteren Informationen.<\/p>\n\n\n<div class=\"wp-block-image\"><figure class=\"aligncenter is-resized\"><img fetchpriority=\"high\" decoding=\"async\" src=\"https:\/\/gradin-nord.ch\/wp-content\/uploads\/2020\/01\/image-1-793x1024.png\" alt=\"\" class=\"wp-image-455\" width=\"500\" height=\"644\" srcset=\"https:\/\/gradin-nord.ch\/wp-content\/uploads\/2020\/01\/image-1-350x452.png 350w, https:\/\/gradin-nord.ch\/wp-content\/uploads\/2020\/01\/image-1-232x300.png 232w\" sizes=\"(max-width: 500px) 100vw, 500px\" \/><\/figure><\/div>","protected":false},"excerpt":{"rendered":"<p>Tous ensemble \u00e0 la capitale ! Un train sp\u00e9cial est organis\u00e9 pour le match \u00e0 YB le 8 f\u00e9vrier prochain. Les billets de match seront en vente dans le train. &hellip; <\/p>\n<p class=\"link-more\"><a href=\"https:\/\/gradin-nord.ch\/de\/deplacement-a-yb-08-02-2020\/\" class=\"more-link\"><span class=\"screen-reader-text\">\u00ab\u00a0D\u00e9placement \u00e0 YB &#8211; 08.02.2020\u00a0\u00bb<\/span> weiterlesen<\/a><\/p>","protected":false},"author":1,"featured_media":454,"comment_status":"closed","ping_status":"closed","sticky":false,"template":"","format":"standard","meta":{"_mi_skip_tracking":false,"_monsterinsights_sitenote_active":false,"_monsterinsights_sitenote_note":"","_monsterinsights_sitenote_category":0,"footnotes":""},"categories":[1],"tags":[],"class_list":["post-451","post","type-post","status-publish","format-standard","has-post-thumbnail","hentry","category-non-classe"],"_links":{"self":[{"href":"https:\/\/gradin-nord.ch\/de\/wp-json\/wp\/v2\/posts\/451","targetHints":{"allow":["GET"]}}],"collection":[{"href":"https:\/\/gradin-nord.ch\/de\/wp-json\/wp\/v2\/posts"}],"about":[{"href":"https:\/\/gradin-nord.ch\/de\/wp-json\/wp\/v2\/types\/post"}],"author":[{"embeddable":true,"href":"https:\/\/gradin-nord.ch\/de\/wp-json\/wp\/v2\/users\/1"}],"replies":[{"embeddable":true,"href":"https:\/\/gradin-nord.ch\/de\/wp-json\/wp\/v2\/comments?post=451"}],"version-history":[{"count":0,"href":"https:\/\/gradin-nord.ch\/de\/wp-json\/wp\/v2\/posts\/451\/revisions"}],"wp:featuredmedia":[{"embeddable":true,"href":"https:\/\/gradin-nord.ch\/de\/wp-json\/wp\/v2\/media\/454"}],"wp:attachment":[{"href":"https:\/\/gradin-nord.ch\/de\/wp-json\/wp\/v2\/media?parent=451"}],"wp:term":[{"taxonomy":"category","embeddable":true,"href":"https:\/\/gradin-nord.ch\/de\/wp-json\/wp\/v2\/categories?post=451"},{"taxonomy":"post_tag","embeddable":true,"href":"https:\/\/gradin-nord.ch\/de\/wp-json\/wp\/v2\/tags?post=451"}],"curies":[{"name":"wp","href":"https:\/\/api.w.org\/{rel}","templated":true}]}}