{"id":348,"date":"2019-12-13T20:44:27","date_gmt":"2019-12-13T19:44:27","guid":{"rendered":"https:\/\/gradin-nord.ch\/?p=348"},"modified":"2019-12-15T12:28:32","modified_gmt":"2019-12-15T11:28:32","slug":"decembre-2019","status":"publish","type":"post","link":"https:\/\/gradin-nord.ch\/de\/decembre-2019\/","title":{"rendered":"Dezember 2019"},"content":{"rendered":"<p style=\"text-align: justify;\">Nachdem wir die untragbaren Zust\u00e4nde rund um den FC Sion bereits im letzten Communiqu\u00e9 angeprangert haben, sehen wir uns gezwungen, unsere Unzufriedenheit im letzten Spiel der Saison mit einem noch deutlicheren Zeichen zum Ausdruck zu bringen.<\/p>\n<p style=\"text-align: justify;\"><strong>Matchs apr\u00e8s matchs, nous nous ridiculisons de plus en plus.<\/strong><\/p>\n<p style=\"text-align: justify;\">Erneut macht sich in diesen Tagen grosse Verdrossenheit \u00fcber das Gebaren der verschiedenen Akteure des FC Sion breit. Spieler, Trainer und Direktion schieben sich in aller \u00d6ffentlichkeit die Schuld f\u00fcr die anhaltende Misere gegenseitig zu statt Verantwortung zu \u00fcbernehmen, f\u00fcr ihre Fehler gerade zu stehen und Probleme professionell intern anzupacken.<\/p>\n<p style=\"text-align: justify;\">Leider sind wir uns seit Jahren gewohnt, dass die Verantwortlichen des FC Sion ihr Konterfei nur zu gerne in den Medien sehen und diese Plattform nutzen, um von ihrem eigenen Versagen in den verschiedensten Bereichen abzulenken. Die Constantins destabilisieren mit fragw\u00fcrdigen Entscheidungen und unn\u00f6tigen Statements den ganzen FC SION und f\u00fcgen diesem so enormen Schaden zu.\u00a0 Wir Fans sind es, die die st\u00e4ndig wiederkehrenden Querelen Jahr um Jahr ertragen und ausbaden m\u00fcssen.<\/p>\n<p style=\"text-align: justify;\">Aufgrund dieser vergifteten Atmosph\u00e4re in unserem Verein haben wir uns entschieden, den Support beim letzten Heimspiel w\u00e4hrend den ersten 30 Minuten einzustellen und unseren Sektor erst im Anschluss an diesen Stimmungsboykott zu betreten. Wir sind uns des symbolischen Charakters dieser Aktion bewusst und m\u00f6chten diese auch als Warnung an alle Verantwortlichen verstanden wissen.<\/p>\n<p style=\"text-align: justify;\"><strong>Wir laden alle Fans des FC Sion ein, diesem kurzen Streik zu folgen und die Pl\u00e4tze erst in der 30. Minute einzunehmen. Anschliessend werden wir wieder einmal lautstark beweisen, was uns der FC SION bedeutet. <\/strong><\/p>\n<p style=\"text-align: justify;\">Nicht alle Spieler, Mitarbeitenden und F\u00fchrungspersonen beim FC SION verdienen unsere bedingungslose Unterst\u00fctzung. Sie verdienen weder unsere regelm\u00e4ssigen Tifos im Tourbillon noch unsere Bereitschaft, diesem Klub immer und \u00fcberall zu folgen. Vielleicht ist es sogar an der Zeit, dass manche von ihnen den Verein verlassen, ungeachtet der Konsequenzen, die einige Abg\u00e4nge mit sich bringen k\u00f6nnten. Denn die treuen Fans als Basis des Vereins werden dem FC SION immer folgen, auch wenn man wieder von ganz unten anfangen m\u00fcsste.<\/p>\n<p style=\"text-align: justify;\">Der Verein geh\u00f6rt vor allem seinen Unterst\u00fctzern, nicht denen, die ihn als Spielzeug oder als Sprungbrett benutzen.<\/p>\n<p>DER FC SION SIND WIR !<\/p>","protected":false},"excerpt":{"rendered":"<p>Apr\u00e8s avoir montr\u00e9 notre m\u00e9contentement vis-\u00e0-vis de l\u2019ambiance totalement d\u00e9l\u00e9t\u00e8re qui r\u00e8gne au sein du FC Sion, lors du pr\u00e9c\u00e9dent communiqu\u00e9, nous nous devons de r\u00e9agir plus fortement. Matchs apr\u00e8s &hellip; <\/p>\n<p class=\"link-more\"><a href=\"https:\/\/gradin-nord.ch\/de\/decembre-2019\/\" class=\"more-link\"><span class=\"screen-reader-text\">\u00ab\u00a0D\u00e9cembre 2019\u00a0\u00bb<\/span> weiterlesen<\/a><\/p>","protected":false},"author":1,"featured_media":322,"comment_status":"closed","ping_status":"closed","sticky":false,"template":"","format":"standard","meta":{"_mi_skip_tracking":false,"_monsterinsights_sitenote_active":false,"_monsterinsights_sitenote_note":"","_monsterinsights_sitenote_category":0,"footnotes":""},"categories":[1],"tags":[],"class_list":["post-348","post","type-post","status-publish","format-standard","has-post-thumbnail","hentry","category-non-classe"],"_links":{"self":[{"href":"https:\/\/gradin-nord.ch\/de\/wp-json\/wp\/v2\/posts\/348","targetHints":{"allow":["GET"]}}],"collection":[{"href":"https:\/\/gradin-nord.ch\/de\/wp-json\/wp\/v2\/posts"}],"about":[{"href":"https:\/\/gradin-nord.ch\/de\/wp-json\/wp\/v2\/types\/post"}],"author":[{"embeddable":true,"href":"https:\/\/gradin-nord.ch\/de\/wp-json\/wp\/v2\/users\/1"}],"replies":[{"embeddable":true,"href":"https:\/\/gradin-nord.ch\/de\/wp-json\/wp\/v2\/comments?post=348"}],"version-history":[{"count":0,"href":"https:\/\/gradin-nord.ch\/de\/wp-json\/wp\/v2\/posts\/348\/revisions"}],"wp:featuredmedia":[{"embeddable":true,"href":"https:\/\/gradin-nord.ch\/de\/wp-json\/wp\/v2\/media\/322"}],"wp:attachment":[{"href":"https:\/\/gradin-nord.ch\/de\/wp-json\/wp\/v2\/media?parent=348"}],"wp:term":[{"taxonomy":"category","embeddable":true,"href":"https:\/\/gradin-nord.ch\/de\/wp-json\/wp\/v2\/categories?post=348"},{"taxonomy":"post_tag","embeddable":true,"href":"https:\/\/gradin-nord.ch\/de\/wp-json\/wp\/v2\/tags?post=348"}],"curies":[{"name":"wp","href":"https:\/\/api.w.org\/{rel}","templated":true}]}}