{"id":3027,"date":"2026-01-13T21:45:40","date_gmt":"2026-01-13T20:45:40","guid":{"rendered":"https:\/\/gradin-nord.ch\/?p=3027"},"modified":"2026-01-13T21:45:41","modified_gmt":"2026-01-13T20:45:41","slug":"soutien-aux-personnes-touchees-par-lincendie-de-crans-montana","status":"publish","type":"post","link":"https:\/\/gradin-nord.ch\/de\/soutien-aux-personnes-touchees-par-lincendie-de-crans-montana\/","title":{"rendered":"Unterst\u00fctzung f\u00fcr die vom Brand in Crans-Montana betroffenen Personen"},"content":{"rendered":"<p>Es gibt Texte, von denen man sich w\u00fcnscht, sie niemals schreiben zu m\u00fcssen. Dieser geh\u00f6rt ganz sicher dazu.<\/p>\n\n\n\n<p>Die dramatischen Ereignisse, die unsere Region in der Nacht vom 31. Dezember auf den 1. Januar ersch\u00fcttert haben, sind niemandem entgangen. Vierzig Menschen verloren ihr Leben an einem Abend, der im Zeichen von Freude, Gemeinschaft und dem gemeinsamen Feiern des neuen Jahres stehen sollte.<\/p>\n\n\n\n<p>Vierzig Leben, die auf tragische Weise zu fr\u00fch aus dem Leben gerissen wurden und unz\u00e4hlige Familien in tiefe Trauer und unermessliches Leid gest\u00fcrzt haben. Ein Leid, das auch heute noch von den vielen schwer verletzten Menschen getragen wird, die dieses Feuer \u00fcberlebt haben.<\/p>\n\n\n\n<p>Der Gradin Nord kann mit all jenen nur mitf\u00fchlen, die von dieser Trag\u00f6die betroffen sind. Unsere Gedanken gelten ebenso den Rettungskr\u00e4ften, die unter extrem schwierigen Bedingungen alles in ihrer Macht Stehende getan haben, um den Betroffenen zu helfen.<\/p>\n\n\n\n<p>In diesem Sinne laden die Gruppen des Gradin Nord heute dazu ein, sich \u00fcber den untenstehenden QR-Code an einer solidarischen Spendensammlung zu beteiligen. Die gesammelten Spenden werden vollst\u00e4ndig an die Spendensammlung \u201eUnterst\u00fctzung f\u00fcr die vom Brand in Crans-Montana betroffenen Personen\u201c weitergeleitet \u2013 eine vertrauensw\u00fcrdige Initiative, die Menschen unterst\u00fctzt, die direkt oder indirekt von dieser Katastrophe betroffen sind.<\/p>\n\n\n\n<p>Wir werden niemals ungeschehen machen k\u00f6nnen, was passiert ist, und die verlorenen Seelen nicht zur\u00fcckholen. Doch gemeinsam k\u00f6nnen wir die Familien und \u00dcberlebenden auf dem langen Weg der Verarbeitung und des Wiederaufbaus begleiten.<\/p>\n\n\n\n<figure class=\"wp-block-image size-full is-resized\"><img fetchpriority=\"high\" decoding=\"async\" width=\"532\" height=\"800\" src=\"https:\/\/gradin-nord.ch\/wp-content\/uploads\/2026\/01\/image.png\" alt=\"\" class=\"wp-image-3028\" style=\"width:182px;height:auto\" srcset=\"https:\/\/gradin-nord.ch\/wp-content\/uploads\/2026\/01\/image.png 532w, https:\/\/gradin-nord.ch\/wp-content\/uploads\/2026\/01\/image-200x300.png 200w, https:\/\/gradin-nord.ch\/wp-content\/uploads\/2026\/01\/image-8x12.png 8w, https:\/\/gradin-nord.ch\/wp-content\/uploads\/2026\/01\/image-350x526.png 350w\" sizes=\"(max-width: 532px) 100vw, 532px\" \/><\/figure>\n\n\n\n<p><strong>Informationen zur Gedenken-Choreo im Gradin Nord<\/strong><\/p>\n\n\n\n<p>Die Gruppen des Gradin Nord werden vor dem Spiel eine Gedenkaktion zu Ehren der Opfer durchf\u00fchren. Geplant ist ein gemeinsames Hochhalten schwarzer Bl\u00e4tter, begleitet von einem weiteren Hochziehelement.<br>Alle Fans der Trib\u00fcne sind eingeladen, sich aktiv zu beteiligen, indem sie eines der entlang der Barrieren ausgelegten schwarzen Bl\u00e4tter aufnehmen. Diese Aktion erg\u00e4nzt die \u201eLichter\u201c-Animation des Clubs. Wir bitten darum, im Gradin Nord keine Handyblitze zu verwenden.<\/p>\n\n\n\n<p>Die Sektoren an den beiden Enden der Trib\u00fcne bleiben bis zum Ende der Aktion geschlossen.<br>Vielen Dank f\u00fcr euer Verst\u00e4ndnis.<\/p>","protected":false},"excerpt":{"rendered":"<p>Il y a des textes que l\u2019on n\u2019aimerait jamais avoir \u00e0 \u00e9crire, et celui-ci en fait tr\u00e8s certainement partie. Nul n\u2019est cens\u00e9 ignorer les \u00e9v\u00e9nements dramatiques qui ont frapp\u00e9 notre &hellip; <\/p>\n<p class=\"link-more\"><a href=\"https:\/\/gradin-nord.ch\/de\/soutien-aux-personnes-touchees-par-lincendie-de-crans-montana\/\" class=\"more-link\"><span class=\"screen-reader-text\">\u00ab\u00a0Soutien aux personnes touch\u00e9es par l\u2018incendie de Crans-Montana\u00a0\u00bb<\/span> weiterlesen<\/a><\/p>","protected":false},"author":6,"featured_media":0,"comment_status":"closed","ping_status":"closed","sticky":false,"template":"","format":"standard","meta":{"_mi_skip_tracking":false,"_monsterinsights_sitenote_active":false,"_monsterinsights_sitenote_note":"","_monsterinsights_sitenote_category":0,"footnotes":""},"categories":[1],"tags":[],"class_list":["post-3027","post","type-post","status-publish","format-standard","hentry","category-non-classe"],"_links":{"self":[{"href":"https:\/\/gradin-nord.ch\/de\/wp-json\/wp\/v2\/posts\/3027","targetHints":{"allow":["GET"]}}],"collection":[{"href":"https:\/\/gradin-nord.ch\/de\/wp-json\/wp\/v2\/posts"}],"about":[{"href":"https:\/\/gradin-nord.ch\/de\/wp-json\/wp\/v2\/types\/post"}],"author":[{"embeddable":true,"href":"https:\/\/gradin-nord.ch\/de\/wp-json\/wp\/v2\/users\/6"}],"replies":[{"embeddable":true,"href":"https:\/\/gradin-nord.ch\/de\/wp-json\/wp\/v2\/comments?post=3027"}],"version-history":[{"count":1,"href":"https:\/\/gradin-nord.ch\/de\/wp-json\/wp\/v2\/posts\/3027\/revisions"}],"predecessor-version":[{"id":3029,"href":"https:\/\/gradin-nord.ch\/de\/wp-json\/wp\/v2\/posts\/3027\/revisions\/3029"}],"wp:attachment":[{"href":"https:\/\/gradin-nord.ch\/de\/wp-json\/wp\/v2\/media?parent=3027"}],"wp:term":[{"taxonomy":"category","embeddable":true,"href":"https:\/\/gradin-nord.ch\/de\/wp-json\/wp\/v2\/categories?post=3027"},{"taxonomy":"post_tag","embeddable":true,"href":"https:\/\/gradin-nord.ch\/de\/wp-json\/wp\/v2\/tags?post=3027"}],"curies":[{"name":"wp","href":"https:\/\/api.w.org\/{rel}","templated":true}]}}