{"id":2466,"date":"2025-10-28T10:01:29","date_gmt":"2025-10-28T09:01:29","guid":{"rendered":"https:\/\/gradin-nord.ch\/?p=2466"},"modified":"2025-10-28T10:01:30","modified_gmt":"2025-10-28T09:01:30","slug":"tous-a-lausanne-4","status":"publish","type":"post","link":"https:\/\/gradin-nord.ch\/de\/tous-a-lausanne-4\/","title":{"rendered":"ALLI UF LAUSANNE!"},"content":{"rendered":"<figure class=\"wp-block-image size-large\"><img fetchpriority=\"high\" decoding=\"async\" width=\"720\" height=\"1024\" src=\"https:\/\/gradin-nord.ch\/wp-content\/uploads\/2025\/10\/image-1-720x1024.png\" alt=\"\" class=\"wp-image-2467\" srcset=\"https:\/\/gradin-nord.ch\/wp-content\/uploads\/2025\/10\/image-1-720x1024.png 720w, https:\/\/gradin-nord.ch\/wp-content\/uploads\/2025\/10\/image-1-211x300.png 211w, https:\/\/gradin-nord.ch\/wp-content\/uploads\/2025\/10\/image-1-768x1092.png 768w, https:\/\/gradin-nord.ch\/wp-content\/uploads\/2025\/10\/image-1-8x12.png 8w, https:\/\/gradin-nord.ch\/wp-content\/uploads\/2025\/10\/image-1-350x498.png 350w, https:\/\/gradin-nord.ch\/wp-content\/uploads\/2025\/10\/image-1.png 900w\" sizes=\"(max-width: 720px) 100vw, 720px\" \/><\/figure>\n\n\n\n<p><strong>FC Lausanne-Sport &#8211; FC SION<\/strong><br>09.11.2025 \/ 16:30<\/p>\n\n\n\n<p>F\u00fcr das Ausw\u00e4rtsspiel am 9. November in Lausanne organisiert der Gradin Nord Fan-Busse. Aufgrund eines Streckenunterbruchs verkehren keine Z\u00fcge zwischen Villeneuve und Vevey.<\/p>\n\n\n\n<p>Die<strong> Anmeldungen<\/strong> f\u00fcr unsere Fan-Busse werden heute vor dem Gradin Nord sowie am n\u00e4chsten Samstag im Extrazug nach Thun entgegengenommen.<\/p>","protected":false},"excerpt":{"rendered":"<p>FC Lausanne-Sport &#8211; FC SION09.11.2025 \/ 16:30 Le Gradin Nord organise des bus pour le match \u00e0 l&rsquo;ext\u00e9rieur du 9 novembre \u00e0 Lausanne. En raison d&rsquo;une interruption de ligne, aucun &hellip; <\/p>\n<p class=\"link-more\"><a href=\"https:\/\/gradin-nord.ch\/de\/tous-a-lausanne-4\/\" class=\"more-link\"><span class=\"screen-reader-text\">\u00ab\u00a0TOUS A LAUSANNE!\u00a0\u00bb<\/span> weiterlesen<\/a><\/p>","protected":false},"author":6,"featured_media":0,"comment_status":"closed","ping_status":"closed","sticky":false,"template":"","format":"standard","meta":{"_mi_skip_tracking":false,"_monsterinsights_sitenote_active":false,"_monsterinsights_sitenote_note":"","_monsterinsights_sitenote_category":0,"footnotes":""},"categories":[1],"tags":[],"class_list":["post-2466","post","type-post","status-publish","format-standard","hentry","category-non-classe"],"_links":{"self":[{"href":"https:\/\/gradin-nord.ch\/de\/wp-json\/wp\/v2\/posts\/2466","targetHints":{"allow":["GET"]}}],"collection":[{"href":"https:\/\/gradin-nord.ch\/de\/wp-json\/wp\/v2\/posts"}],"about":[{"href":"https:\/\/gradin-nord.ch\/de\/wp-json\/wp\/v2\/types\/post"}],"author":[{"embeddable":true,"href":"https:\/\/gradin-nord.ch\/de\/wp-json\/wp\/v2\/users\/6"}],"replies":[{"embeddable":true,"href":"https:\/\/gradin-nord.ch\/de\/wp-json\/wp\/v2\/comments?post=2466"}],"version-history":[{"count":1,"href":"https:\/\/gradin-nord.ch\/de\/wp-json\/wp\/v2\/posts\/2466\/revisions"}],"predecessor-version":[{"id":2468,"href":"https:\/\/gradin-nord.ch\/de\/wp-json\/wp\/v2\/posts\/2466\/revisions\/2468"}],"wp:attachment":[{"href":"https:\/\/gradin-nord.ch\/de\/wp-json\/wp\/v2\/media?parent=2466"}],"wp:term":[{"taxonomy":"category","embeddable":true,"href":"https:\/\/gradin-nord.ch\/de\/wp-json\/wp\/v2\/categories?post=2466"},{"taxonomy":"post_tag","embeddable":true,"href":"https:\/\/gradin-nord.ch\/de\/wp-json\/wp\/v2\/tags?post=2466"}],"curies":[{"name":"wp","href":"https:\/\/api.w.org\/{rel}","templated":true}]}}