{"id":230,"date":"2019-11-23T19:10:50","date_gmt":"2019-11-23T18:10:50","guid":{"rendered":"https:\/\/gradin-nord.ch\/?p=230"},"modified":"2019-12-13T21:08:01","modified_gmt":"2019-12-13T20:08:01","slug":"novembre-2019","status":"publish","type":"post","link":"https:\/\/gradin-nord.ch\/de\/novembre-2019\/","title":{"rendered":"Novembre 2019"},"content":{"rendered":"<p style=\"text-align: justify;\">Peut-\u00eatre nous \u00e9tions-nous enflamm\u00e9s trop vite, il y a quelques semaines, lors de notre pr\u00e9c\u00e9dent communiqu\u00e9\u2026 A ce moment l\u00e0 notre position au classement et le bilan comptable nous laissait pr\u00e9sager le meilleur pour la saison en cours. 7 matchs et 6 d\u00e9faites plus tard, la motivation et les ambitions ont pris un coup terrible.<\/p>\n<p style=\"text-align: justify;\"><!-- \/wp:paragraph --><!-- wp:paragraph --><\/p>\n<p style=\"text-align: justify;\">Le jeu qui n&rsquo;\u00e9tait pas mirobolant, la baraka et la chance qui nous souriaient ont tour \u00e0 tour disparus et c\u00e9d\u00e9s leur place \u00e0 un amorphisme s\u00e9v\u00e8re, une spirale d\u00e9moniaque qui plonge \u00e0 nouveau notre club dans ce qu&rsquo;il sait faire de plus laid.<\/p>\n<p style=\"text-align: justify;\"><!-- \/wp:paragraph --><!-- wp:paragraph --><\/p>\n<p style=\"text-align: justify;\">Un changement classique d\u2019entra\u00eeneur avant No\u00ebl, un \u00e9talage m\u00e9diatique catastrophique qui nous ridiculise, des joueurs qui semblent perdus et tra\u00eenent la patte, tous les ingr\u00e9dients sont r\u00e9unis pour un nouveau tour de man\u00e8ge.<\/p>\n<p style=\"text-align: justify;\"><!-- \/wp:paragraph --><!-- wp:paragraph --><\/p>\n<p style=\"text-align: justify;\">Henchoz accuse les joueurs d&rsquo;\u00eatre des starlettes incapables trop pay\u00e9es, les joueurs accusent Henchoz d&rsquo;\u00eatre un trou du cul incapable hypocrite et Constantin assure qu&rsquo;il re\u00e7oit un flot incessant de candidatures d&rsquo;entra\u00eeneurs qui r\u00eavent de reprendre en main un club sempiternellement \u00e0 la d\u00e9rive.<\/p>\n<p style=\"text-align: justify;\"><!-- \/wp:paragraph --><!-- wp:paragraph --><\/p>\n<p style=\"text-align: justify;\">C&rsquo;est la faute de personne, tout le monde se d\u00e9douane et en attendant c&rsquo;est les supporters qui trinquent. C&rsquo;est nous qui payons nos tickets pour assister \u00e0 ce cirque, c&rsquo;est nous qui d\u00e9pensons notre \u00e9nergie sans rel\u00e2che pour suivre et encourager \u00e0 travers toute la Suisse notre club. Nous ne demandons pas la lune, simplement de pouvoir vivre une saison correcte, loin des scandales et des drames.<\/p>\n<p style=\"text-align: justify;\"><!-- \/wp:paragraph --><!-- wp:paragraph --><\/p>\n<p style=\"text-align: justify;\">Notre amour pour ce club, nous emp\u00eache de lui tourner le dos. Nous nous trouvons n\u00e9anmoins d\u00e9munis, une fois encore, face \u00e0 une situation insupportable.<\/p>\n<p style=\"text-align: justify;\"><!-- \/wp:paragraph --><!-- wp:paragraph --><\/p>\n<p style=\"text-align: justify;\">Nous attendons une r\u00e9action de l&rsquo;\u00e9quipe et nous nous r\u00e9servons donc le droit de manifester notre d\u00e9saccord avec la politique du club et le comportement des joueurs et du staff \u00e0 travers diverses actions.<\/p>\n<p style=\"text-align: justify;\"><!-- \/wp:paragraph --><!-- wp:paragraph --><\/p>\n<p style=\"text-align: justify;\">Nous tenions \u00e0 publier ce communiqu\u00e9 afin de marquer clairement notre m\u00e9contentement et notre opposition aux simagr\u00e9es actuelles et de pr\u00e9venir les personnes int\u00e9ress\u00e9es de la suite de nos intentions.<\/p>\nDie Gruppen des Gradin Nord\n\n<!-- \/wp:paragraph -->","protected":false},"excerpt":{"rendered":"<p>Peut-\u00eatre nous \u00e9tions-nous enflamm\u00e9s trop vite, il y a quelques semaines, lors de notre pr\u00e9c\u00e9dent communiqu\u00e9\u2026 A ce moment l\u00e0 notre position au classement et le bilan comptable nous laissait &hellip; <\/p>\n<p class=\"link-more\"><a href=\"https:\/\/gradin-nord.ch\/de\/novembre-2019\/\" class=\"more-link\"><span class=\"screen-reader-text\">\u00ab\u00a0Novembre 2019\u00a0\u00bb<\/span> weiterlesen<\/a><\/p>","protected":false},"author":1,"featured_media":322,"comment_status":"closed","ping_status":"open","sticky":false,"template":"","format":"standard","meta":{"_mi_skip_tracking":false,"_monsterinsights_sitenote_active":false,"_monsterinsights_sitenote_note":"","_monsterinsights_sitenote_category":0,"footnotes":""},"categories":[1],"tags":[],"class_list":["post-230","post","type-post","status-publish","format-standard","has-post-thumbnail","hentry","category-non-classe"],"_links":{"self":[{"href":"https:\/\/gradin-nord.ch\/de\/wp-json\/wp\/v2\/posts\/230","targetHints":{"allow":["GET"]}}],"collection":[{"href":"https:\/\/gradin-nord.ch\/de\/wp-json\/wp\/v2\/posts"}],"about":[{"href":"https:\/\/gradin-nord.ch\/de\/wp-json\/wp\/v2\/types\/post"}],"author":[{"embeddable":true,"href":"https:\/\/gradin-nord.ch\/de\/wp-json\/wp\/v2\/users\/1"}],"replies":[{"embeddable":true,"href":"https:\/\/gradin-nord.ch\/de\/wp-json\/wp\/v2\/comments?post=230"}],"version-history":[{"count":0,"href":"https:\/\/gradin-nord.ch\/de\/wp-json\/wp\/v2\/posts\/230\/revisions"}],"wp:featuredmedia":[{"embeddable":true,"href":"https:\/\/gradin-nord.ch\/de\/wp-json\/wp\/v2\/media\/322"}],"wp:attachment":[{"href":"https:\/\/gradin-nord.ch\/de\/wp-json\/wp\/v2\/media?parent=230"}],"wp:term":[{"taxonomy":"category","embeddable":true,"href":"https:\/\/gradin-nord.ch\/de\/wp-json\/wp\/v2\/categories?post=230"},{"taxonomy":"post_tag","embeddable":true,"href":"https:\/\/gradin-nord.ch\/de\/wp-json\/wp\/v2\/tags?post=230"}],"curies":[{"name":"wp","href":"https:\/\/api.w.org\/{rel}","templated":true}]}}