{"id":2207,"date":"2025-05-17T15:23:25","date_gmt":"2025-05-17T13:23:25","guid":{"rendered":"https:\/\/gradin-nord.ch\/?p=2207"},"modified":"2025-05-17T15:23:25","modified_gmt":"2025-05-17T13:23:25","slug":"ce-soir-tous-en-blanc","status":"publish","type":"post","link":"https:\/\/gradin-nord.ch\/de\/ce-soir-tous-en-blanc\/","title":{"rendered":"Heute Abend alle in weiss in den Gradin !"},"content":{"rendered":"<figure class=\"wp-block-image size-large\"><img fetchpriority=\"high\" decoding=\"async\" width=\"790\" height=\"1024\" src=\"https:\/\/gradin-nord.ch\/wp-content\/uploads\/2025\/05\/1000070169-790x1024.jpg\" alt=\"\" class=\"wp-image-2208\" srcset=\"https:\/\/gradin-nord.ch\/wp-content\/uploads\/2025\/05\/1000070169-790x1024.jpg 790w, https:\/\/gradin-nord.ch\/wp-content\/uploads\/2025\/05\/1000070169-232x300.jpg 232w, https:\/\/gradin-nord.ch\/wp-content\/uploads\/2025\/05\/1000070169-768x995.jpg 768w, https:\/\/gradin-nord.ch\/wp-content\/uploads\/2025\/05\/1000070169-9x12.jpg 9w, https:\/\/gradin-nord.ch\/wp-content\/uploads\/2025\/05\/1000070169-350x453.jpg 350w, https:\/\/gradin-nord.ch\/wp-content\/uploads\/2025\/05\/1000070169.jpg 988w\" sizes=\"(max-width: 767px) 89vw, (max-width: 1000px) 54vw, (max-width: 1071px) 543px, 580px\" \/><\/figure>\n\n\n\n<p>Des Weiteren habt ihr heute noch die M\u00f6glichkeit, euch f\u00fcr die Busse nach Winterthur anzumelden. Meldet euch an den St\u00e4nden beim GN an.<\/p>\n\n\n\n<p>Allez Sion allez !<\/p>\n\n\n\n<hr class=\"wp-block-separator has-alpha-channel-opacity\"\/>\n\n\n\n<p><\/p>","protected":false},"excerpt":{"rendered":"<p>En outre, vous avez encore la possibilit\u00e9 de vous inscrire aujourd&rsquo;hui pour les bus \u00e0 destination de Winterthur. Inscrivez-vous aux tables install\u00e9es au GN. Allez Sion allez !<\/p>","protected":false},"author":1,"featured_media":0,"comment_status":"closed","ping_status":"closed","sticky":false,"template":"","format":"standard","meta":{"_mi_skip_tracking":false,"_monsterinsights_sitenote_active":false,"_monsterinsights_sitenote_note":"","_monsterinsights_sitenote_category":0,"footnotes":""},"categories":[1],"tags":[],"class_list":["post-2207","post","type-post","status-publish","format-standard","hentry","category-non-classe"],"_links":{"self":[{"href":"https:\/\/gradin-nord.ch\/de\/wp-json\/wp\/v2\/posts\/2207","targetHints":{"allow":["GET"]}}],"collection":[{"href":"https:\/\/gradin-nord.ch\/de\/wp-json\/wp\/v2\/posts"}],"about":[{"href":"https:\/\/gradin-nord.ch\/de\/wp-json\/wp\/v2\/types\/post"}],"author":[{"embeddable":true,"href":"https:\/\/gradin-nord.ch\/de\/wp-json\/wp\/v2\/users\/1"}],"replies":[{"embeddable":true,"href":"https:\/\/gradin-nord.ch\/de\/wp-json\/wp\/v2\/comments?post=2207"}],"version-history":[{"count":1,"href":"https:\/\/gradin-nord.ch\/de\/wp-json\/wp\/v2\/posts\/2207\/revisions"}],"predecessor-version":[{"id":2209,"href":"https:\/\/gradin-nord.ch\/de\/wp-json\/wp\/v2\/posts\/2207\/revisions\/2209"}],"wp:attachment":[{"href":"https:\/\/gradin-nord.ch\/de\/wp-json\/wp\/v2\/media?parent=2207"}],"wp:term":[{"taxonomy":"category","embeddable":true,"href":"https:\/\/gradin-nord.ch\/de\/wp-json\/wp\/v2\/categories?post=2207"},{"taxonomy":"post_tag","embeddable":true,"href":"https:\/\/gradin-nord.ch\/de\/wp-json\/wp\/v2\/tags?post=2207"}],"curies":[{"name":"wp","href":"https:\/\/api.w.org\/{rel}","templated":true}]}}