{"id":2164,"date":"2025-05-01T21:44:37","date_gmt":"2025-05-01T19:44:37","guid":{"rendered":"https:\/\/gradin-nord.ch\/?p=2164"},"modified":"2025-05-02T13:47:19","modified_gmt":"2025-05-02T11:47:19","slug":"tous-a-yverdon-et-winterthur-pour-le-maintien","status":"publish","type":"post","link":"https:\/\/gradin-nord.ch\/de\/tous-a-yverdon-et-winterthur-pour-le-maintien\/","title":{"rendered":"ALLE NACH YVERDON UND WINTERTHUR F\u00dcR DEN LIGAERHALT!"},"content":{"rendered":"<p>Alea jacta est! F\u00fcr alle, die kein Latein sprechen: Die W\u00fcrfel sind gefallen. Wir stehen vor unserer ersten Relegationsrunde unter dem neuen Meisterschaftsmodus \u2013 ein entscheidender Moment f\u00fcr unseren Verein. Immerhin hatten wir etwas Gl\u00fcck im Ungl\u00fcck: Drei der f\u00fcnf Spiele finden zuhause statt, nur zwei ausw\u00e4rts. Das sollte uns in die Karten spielen.<\/p>\n\n\n\n<p>F\u00fcr die Reise nach Yverdon wird es voraussichtlich einen Extrazug geben. Das letzte Spiel dieser Serie wird dann in Winterthur ausgetragen \u2013 ein Duell, das entscheidend sein k\u00f6nnte und m\u00f6glicherweise bestimmt, in welcher Liga wir n\u00e4chste Saison spielen, falls der Ligaerhalt nicht schon zuvor gesichert ist.<\/p>\n\n\n\n<p>Um bei dieser vielleicht alles entscheidenden Ausw\u00e4rtsfahrt ein starkes Zeichen zu setzen, organisiert der Gradin Nord Busse f\u00fcr alle Fans, um unsere Mannschaft mit voller Kraft zu unterst\u00fctzen und zum Sieg zu tragen!<\/p>\n\n\n\n<p>Zus\u00e4tzliche Busse werden bei entsprechender Nachfrage bereitgestellt \u2013 wir wollen gemeinsam die Sch\u00fctzenwiese erobern! Damit wir die n\u00f6tigen Reservationen bei den Transportunternehmen fr\u00fchzeitig vornehmen k\u00f6nnen: Meldet euch ab Sonntag, 4. Mai, gegen den FCZ schnellstm\u00f6glich bei einer der Anmeldestellen beim Eingang des Gradin Nord an.<\/p>\n\n\n\n<p>Auch wenn wir eine durchzogene Saison hinter uns haben, haben wir mit einer bescheideneren Philosophie und viel Arbeit unseren Platz in der NLA zur\u00fcckerobert \u2013 etwas, wof\u00fcr wir lange gek\u00e4mpft haben.<\/p>\n\n\n\n<p>Jetzt m\u00fcssen wir alles geben \u2013 f\u00fcr den Verein und f\u00fcr eine stabile Zukunft! Auch wenn es in dieser Saison nicht immer rund lief: Der Gradin Nord hat nie aufgegeben und wird auch jetzt nicht aufh\u00f6ren zu k\u00e4mpfen!<\/p>\n\n\n\n<p>Alle zusammen, bis zum Schluss \u2013 Allez Sion!<\/p>","protected":false},"excerpt":{"rendered":"<p>Alea jacta est ! Pour ceux qui ne parlent pas latin : les d\u00e9s sont jet\u00e9s. Nous voil\u00e0 donc en route pour la premi\u00e8re ronde de rel\u00e9gation de cette nouvelle &hellip; <\/p>\n<p class=\"link-more\"><a href=\"https:\/\/gradin-nord.ch\/de\/tous-a-yverdon-et-winterthur-pour-le-maintien\/\" class=\"more-link\"><span class=\"screen-reader-text\">\u00ab\u00a0TOUS A YVERDON ET WINTERTHUR POUR LE MAINTIEN\u00a0\u00bb<\/span> weiterlesen<\/a><\/p>","protected":false},"author":6,"featured_media":0,"comment_status":"closed","ping_status":"closed","sticky":false,"template":"","format":"standard","meta":{"_mi_skip_tracking":false,"_monsterinsights_sitenote_active":false,"_monsterinsights_sitenote_note":"","_monsterinsights_sitenote_category":0,"footnotes":""},"categories":[1],"tags":[],"class_list":["post-2164","post","type-post","status-publish","format-standard","hentry","category-non-classe"],"_links":{"self":[{"href":"https:\/\/gradin-nord.ch\/de\/wp-json\/wp\/v2\/posts\/2164","targetHints":{"allow":["GET"]}}],"collection":[{"href":"https:\/\/gradin-nord.ch\/de\/wp-json\/wp\/v2\/posts"}],"about":[{"href":"https:\/\/gradin-nord.ch\/de\/wp-json\/wp\/v2\/types\/post"}],"author":[{"embeddable":true,"href":"https:\/\/gradin-nord.ch\/de\/wp-json\/wp\/v2\/users\/6"}],"replies":[{"embeddable":true,"href":"https:\/\/gradin-nord.ch\/de\/wp-json\/wp\/v2\/comments?post=2164"}],"version-history":[{"count":3,"href":"https:\/\/gradin-nord.ch\/de\/wp-json\/wp\/v2\/posts\/2164\/revisions"}],"predecessor-version":[{"id":2170,"href":"https:\/\/gradin-nord.ch\/de\/wp-json\/wp\/v2\/posts\/2164\/revisions\/2170"}],"wp:attachment":[{"href":"https:\/\/gradin-nord.ch\/de\/wp-json\/wp\/v2\/media?parent=2164"}],"wp:term":[{"taxonomy":"category","embeddable":true,"href":"https:\/\/gradin-nord.ch\/de\/wp-json\/wp\/v2\/categories?post=2164"},{"taxonomy":"post_tag","embeddable":true,"href":"https:\/\/gradin-nord.ch\/de\/wp-json\/wp\/v2\/tags?post=2164"}],"curies":[{"name":"wp","href":"https:\/\/api.w.org\/{rel}","templated":true}]}}