{"id":195,"date":"2019-10-23T14:00:00","date_gmt":"2019-10-23T12:00:00","guid":{"rendered":"https:\/\/gradin-nord.ch\/?p=195"},"modified":"2019-10-23T14:25:59","modified_gmt":"2019-10-23T12:25:59","slug":"195","status":"publish","type":"post","link":"https:\/\/gradin-nord.ch\/de\/195\/","title":{"rendered":"Romand-Derby - 26.10.2019"},"content":{"rendered":"<p style=\"text-align: justify;\">Hallo,<\/p>\n<p style=\"text-align: justify;\">Am Samstag, 26. Oktober 2019, findet im Tourbillon das Romand-Derby gegen den Erzfeind Servette Genf statt. Nach mehreren Jahren ohne Aufeinandertreffen dieser zwei Mannschaften in Sion erreicht die Anspannung bald ihren H\u00f6hepunkt. Die Abneigung zwischen den beiden Klubs und die geschichtstr\u00e4chtigen Erinnerungen an eine Rivalit\u00e4t, die sich \u00fcber Jahrzehnte entwickelt hat, brauchen wir nicht weiter zu beschreiben. Die Walliser wissen, wieso sie am Samstagabend zahlreich ins Stadion pilgern werden.<\/p>\n<p style=\"text-align: justify;\">Bitte erscheint m\u00f6glichst direkt bei T\u00fcr\u00f6ffnung im Gradin, da die Fangruppen einige Aktionen zur Unterst\u00fctzung der Mannschaft geplant haben, welche so einfacher vorbereitet werden k\u00f6nnen. Schon beim Einlaufen werden Spieler und Gegner merken, was uns der angestrebte Derbysieg bedeutet.<\/p>\n<p style=\"text-align: justify;\">Gemeinsam schreien wir die Mannschaft zum Sieg und schicken die Grenats entt\u00e4uscht zur\u00fcck in die Calvinstadt.<\/p>\n<p style=\"text-align: justify;\">ALLI INS TOURBILLON ! ALLEZ SION ! SCHEISS GRENATS !<\/p>","protected":false},"excerpt":{"rendered":"<p>Bonjour, Ce samedi 26 octobre, \u00e0 19 heures, nous recevrons dans notre magnifique stade de Tourbillon notre ennemi h\u00e9r\u00e9ditaire. Apr\u00e8s plusieurs ann\u00e9es, sans la moindre visite de leur part, la &hellip; <\/p>\n<p class=\"link-more\"><a href=\"https:\/\/gradin-nord.ch\/de\/195\/\" class=\"more-link\"><span class=\"screen-reader-text\">\u00ab\u00a0Derby romand \u2013 26.10.2019\u00a0\u00bb<\/span> weiterlesen<\/a><\/p>","protected":false},"author":1,"featured_media":203,"comment_status":"closed","ping_status":"closed","sticky":false,"template":"","format":"standard","meta":{"_mi_skip_tracking":false,"_monsterinsights_sitenote_active":false,"_monsterinsights_sitenote_note":"","_monsterinsights_sitenote_category":0,"footnotes":""},"categories":[1],"tags":[],"class_list":["post-195","post","type-post","status-publish","format-standard","has-post-thumbnail","hentry","category-non-classe"],"_links":{"self":[{"href":"https:\/\/gradin-nord.ch\/de\/wp-json\/wp\/v2\/posts\/195","targetHints":{"allow":["GET"]}}],"collection":[{"href":"https:\/\/gradin-nord.ch\/de\/wp-json\/wp\/v2\/posts"}],"about":[{"href":"https:\/\/gradin-nord.ch\/de\/wp-json\/wp\/v2\/types\/post"}],"author":[{"embeddable":true,"href":"https:\/\/gradin-nord.ch\/de\/wp-json\/wp\/v2\/users\/1"}],"replies":[{"embeddable":true,"href":"https:\/\/gradin-nord.ch\/de\/wp-json\/wp\/v2\/comments?post=195"}],"version-history":[{"count":0,"href":"https:\/\/gradin-nord.ch\/de\/wp-json\/wp\/v2\/posts\/195\/revisions"}],"wp:featuredmedia":[{"embeddable":true,"href":"https:\/\/gradin-nord.ch\/de\/wp-json\/wp\/v2\/media\/203"}],"wp:attachment":[{"href":"https:\/\/gradin-nord.ch\/de\/wp-json\/wp\/v2\/media?parent=195"}],"wp:term":[{"taxonomy":"category","embeddable":true,"href":"https:\/\/gradin-nord.ch\/de\/wp-json\/wp\/v2\/categories?post=195"},{"taxonomy":"post_tag","embeddable":true,"href":"https:\/\/gradin-nord.ch\/de\/wp-json\/wp\/v2\/tags?post=195"}],"curies":[{"name":"wp","href":"https:\/\/api.w.org\/{rel}","templated":true}]}}