{"id":1194,"date":"2024-02-28T18:09:48","date_gmt":"2024-02-28T17:09:48","guid":{"rendered":"https:\/\/gradin-nord.ch\/?p=1194"},"modified":"2024-02-28T18:09:48","modified_gmt":"2024-02-28T17:09:48","slug":"coupe-de-suisse","status":"publish","type":"post","link":"https:\/\/gradin-nord.ch\/de\/coupe-de-suisse\/","title":{"rendered":"Schweizercup"},"content":{"rendered":"<p>An die treuen Fans des FC Sion:<\/p>\n\n\n\n<p>Es ist so weit! Unsere Mannschaft hat beim Cup-Viertelfinale die M\u00f6glichkeit, mit einem Exploit einen weiteren grossen Schritt in einer vielleicht sogar historischen Saison zu machen. F\u00fcr dieses besondere Spiel treffen wir uns am Donnerstag um 18:45 Uhr vor der Haupttrib\u00fcne beim Stade de Tourbillon, um die Spieler geb\u00fchrend zu empfangen und bereits vor dem Spiel anzufeuern. Gemeinsam entfachen wir eine Atmosph\u00e4re, die den glorreichen Cup-Spielen im Tourbillon w\u00fcrdig sein wird. Schreien wir unsere Mannschaft zum Sieg!<\/p>\n\n\n\n<p>ALLI Z\u00c4MU VER IISCHI FARBE!<\/p>\n\n\n\n<figure class=\"wp-block-image size-large\"><img fetchpriority=\"high\" decoding=\"async\" width=\"1024\" height=\"733\" src=\"https:\/\/gradin-nord.ch\/wp-content\/uploads\/2024\/02\/Datei-28.02.24-09-04-33-1-1024x733.png\" alt=\"\" class=\"wp-image-1196\" srcset=\"https:\/\/gradin-nord.ch\/wp-content\/uploads\/2024\/02\/Datei-28.02.24-09-04-33-1-1024x733.png 1024w, https:\/\/gradin-nord.ch\/wp-content\/uploads\/2024\/02\/Datei-28.02.24-09-04-33-1-350x250.png 350w, https:\/\/gradin-nord.ch\/wp-content\/uploads\/2024\/02\/Datei-28.02.24-09-04-33-1-300x215.png 300w, https:\/\/gradin-nord.ch\/wp-content\/uploads\/2024\/02\/Datei-28.02.24-09-04-33-1-768x550.png 768w, https:\/\/gradin-nord.ch\/wp-content\/uploads\/2024\/02\/Datei-28.02.24-09-04-33-1-18x12.png 18w, https:\/\/gradin-nord.ch\/wp-content\/uploads\/2024\/02\/Datei-28.02.24-09-04-33-1.png 1280w\" sizes=\"(max-width: 767px) 89vw, (max-width: 1000px) 54vw, (max-width: 1071px) 543px, 580px\" \/><\/figure>\n\n\n\n<figure class=\"wp-block-image size-large\"><img decoding=\"async\" width=\"1024\" height=\"733\" src=\"https:\/\/gradin-nord.ch\/wp-content\/uploads\/2024\/02\/Datei-28.02.24-09-04-53-1024x733.png\" alt=\"\" class=\"wp-image-1197\" srcset=\"https:\/\/gradin-nord.ch\/wp-content\/uploads\/2024\/02\/Datei-28.02.24-09-04-53-1024x733.png 1024w, https:\/\/gradin-nord.ch\/wp-content\/uploads\/2024\/02\/Datei-28.02.24-09-04-53-350x250.png 350w, https:\/\/gradin-nord.ch\/wp-content\/uploads\/2024\/02\/Datei-28.02.24-09-04-53-300x215.png 300w, https:\/\/gradin-nord.ch\/wp-content\/uploads\/2024\/02\/Datei-28.02.24-09-04-53-768x550.png 768w, https:\/\/gradin-nord.ch\/wp-content\/uploads\/2024\/02\/Datei-28.02.24-09-04-53-18x12.png 18w, https:\/\/gradin-nord.ch\/wp-content\/uploads\/2024\/02\/Datei-28.02.24-09-04-53.png 1280w\" sizes=\"(max-width: 767px) 89vw, (max-width: 1000px) 54vw, (max-width: 1071px) 543px, 580px\" \/><\/figure>","protected":false},"excerpt":{"rendered":"<p>Avis aux fid\u00e8les supporters du FC Sion: Jeudi soir notre club mythique aura l&rsquo;occasion d\u2019ajouter une pierre de plus \u00e0 l&rsquo;\u00e9difice de ce qui pourrait \u00eatre une saison historique. Apr\u00e8s &hellip; <\/p>\n<p class=\"link-more\"><a href=\"https:\/\/gradin-nord.ch\/de\/coupe-de-suisse\/\" class=\"more-link\"><span class=\"screen-reader-text\">\u00ab\u00a0Coupe de Suisse\u00a0\u00bb<\/span> weiterlesen<\/a><\/p>","protected":false},"author":6,"featured_media":322,"comment_status":"closed","ping_status":"closed","sticky":false,"template":"","format":"standard","meta":{"_mi_skip_tracking":false,"_monsterinsights_sitenote_active":false,"_monsterinsights_sitenote_note":"","_monsterinsights_sitenote_category":0,"footnotes":""},"categories":[1],"tags":[],"class_list":["post-1194","post","type-post","status-publish","format-standard","has-post-thumbnail","hentry","category-non-classe"],"_links":{"self":[{"href":"https:\/\/gradin-nord.ch\/de\/wp-json\/wp\/v2\/posts\/1194","targetHints":{"allow":["GET"]}}],"collection":[{"href":"https:\/\/gradin-nord.ch\/de\/wp-json\/wp\/v2\/posts"}],"about":[{"href":"https:\/\/gradin-nord.ch\/de\/wp-json\/wp\/v2\/types\/post"}],"author":[{"embeddable":true,"href":"https:\/\/gradin-nord.ch\/de\/wp-json\/wp\/v2\/users\/6"}],"replies":[{"embeddable":true,"href":"https:\/\/gradin-nord.ch\/de\/wp-json\/wp\/v2\/comments?post=1194"}],"version-history":[{"count":0,"href":"https:\/\/gradin-nord.ch\/de\/wp-json\/wp\/v2\/posts\/1194\/revisions"}],"wp:featuredmedia":[{"embeddable":true,"href":"https:\/\/gradin-nord.ch\/de\/wp-json\/wp\/v2\/media\/322"}],"wp:attachment":[{"href":"https:\/\/gradin-nord.ch\/de\/wp-json\/wp\/v2\/media?parent=1194"}],"wp:term":[{"taxonomy":"category","embeddable":true,"href":"https:\/\/gradin-nord.ch\/de\/wp-json\/wp\/v2\/categories?post=1194"},{"taxonomy":"post_tag","embeddable":true,"href":"https:\/\/gradin-nord.ch\/de\/wp-json\/wp\/v2\/tags?post=1194"}],"curies":[{"name":"wp","href":"https:\/\/api.w.org\/{rel}","templated":true}]}}