{"id":1145,"date":"2024-01-20T15:00:00","date_gmt":"2024-01-20T14:00:00","guid":{"rendered":"https:\/\/gradin-nord.ch\/?p=1145"},"modified":"2024-01-20T15:56:37","modified_gmt":"2024-01-20T14:56:37","slug":"personne-ne-se-rend-a-berne","status":"publish","type":"post","link":"https:\/\/gradin-nord.ch\/de\/personne-ne-se-rend-a-berne\/","title":{"rendered":"NIEMAND REIST NACH BERN"},"content":{"rendered":"<p style=\"text-align: justify;\"><strong>Es war nie unser Plan, nach Bern zu reisen. Der gemeinsame Aufruf der Schweizer Fanszenen und die darauffolgenden Reaktionen zeigen auf, dass die von der KKJPD vorangetriebene Eskalationsspirale eine Sackgasse ist. Die Spirale kann nur durch einen Schritt zur\u00fcck zum bew\u00e4hrten Umgang mit Fussballfans wie in den vergangenen Jahren wieder verlassen werden.<\/strong><\/p>\n<p style=\"text-align: justify;\" class=\" translation-block\">In den letzten Tagen wurde eine allf\u00e4llige Eskalation in Bundesbern heraufbeschworen und der Sicherheitsapparat kam ins Rollen. Alles f\u00fcr nichts. \u201cOb am Samstag nun Tausende nach Bern reisen oder niemand - nur schon die Ank\u00fcndigung sorgt f\u00fcr einen enormen Aufwand der Sicherheitsbeh\u00f6rden\" \u2013 die medialen und beh\u00f6rdlichen Reaktionen zeigen, dass es in der aktuell festgefahrenen Situation nur sehr wenig braucht, um grosse Unruhe zu stiften. Mehraufwand und weniger Sicherheit \u2013 das sind die Folgen des Werks politischer Hardliner:innen.<\/p>\n<p style=\"text-align: justify;\" class=\" translation-block\">Wir Fanszenen reflektieren uns immer wieder selbst \u2013 auch \u00f6ffentlich \u2013 und haben so in der Vergangenheit unseren Teil dazu beigetragen, dass sich eine insgesamt stabile Situation rund um Fussballspiele in der Schweiz nicht in eine Eskalationsspirale wandelt. Auf Beh\u00f6rdenseite geschieht genau das Gegenteil. Anstatt auf Augenmass und Pragmatismus wird auf Nulltoleranz und Befehl um jeden Preis gesetzt. Reto Nause selbst macht den Zweck der Kollektivstrafen \u00f6ffentlich: \u00abMir w\u00e4re auch lieber, es br\u00e4uchte keine Kollektivstrafen, daf\u00fcr m\u00fcssten sich aber die T\u00e4ter stellen\u00bb. Kollektive Erpressung \u2013 eine Blamage f\u00fcr den Rechtsstaat.<\/p>\n<p style=\"text-align: justify;\">Weder Clubs, Liga noch die lokalen Stellen der Fanarbeit werden gegenw\u00e4rtig ernsthaft oder \u00fcberhaupt noch mit einbezogen, wenn es um die Fankultur geht - von Dialog auf Augenh\u00f6he kann keine Rede sein. Die aktuelle Vernehmlassung des auf Eskalation setzenden und von der KKJPD entwickelten Kaskadenmodells ist eine Farce. Die darin enthaltenen Massnahmen werden seit Beginn der laufenden Saison auf Druck der Repressionsbeh\u00f6rden bereits umgesetzt und zwar im zunehmenden Masse, weil sie das Gegenteil von dem bewirken, was sie versprechen. Das Kaskadenmodell ist eine selbsterf\u00fcllende Prophezeiung der kantonalen Justiz- und Polizeidirektor:innen.<\/p>\n<p style=\"text-align: justify;\">Dabei w\u00e4re es ganz einfach: Alles was es braucht, um die Eskalationsspirale zu verlassen, ist die Wiederherstellung und Weiterentwicklung des etablierten Umgangs mit Fussballfans der letzten Jahre, welcher eine insgesamt stabile Situation schuf. Wir sind bestrebt, den bew\u00e4hrten Weg weiter zu gehen und die Selbstregulierung weiter zu st\u00e4rken. Zugleich werden wir nicht zulassen, dass die Fankultur in der Schweiz ohne Weiteres durch Hardliner:innen in die Knie gezwungen werden soll. Noch sind wir nicht nach Bern gefahren. Aber was nicht war, kann noch werden.<\/p>\n<p><strong>AUF KOLLEKTIVSTRAFEN FOLGEN KOLLEKTIVE ANTWORTEN!<\/strong><\/p>","protected":false},"excerpt":{"rendered":"<p>Non, il n&rsquo;a jamais \u00e9t\u00e9 s\u00e9rieusement pr\u00e9vu de se rendre \u00e0 Berne. L&rsquo;action commune des virages suisses et les r\u00e9actions qui ont suivi montrent que l\u2019hyst\u00e9rie s\u00e9curitaire d\u00e9fendue par le &hellip; <\/p>\n<p class=\"link-more\"><a href=\"https:\/\/gradin-nord.ch\/de\/personne-ne-se-rend-a-berne\/\" class=\"more-link\"><span class=\"screen-reader-text\">\u00ab\u00a0PERSONNE NE SE REND \u00c0 BERNE\u00a0\u00bb<\/span> weiterlesen<\/a><\/p>","protected":false},"author":1,"featured_media":352,"comment_status":"closed","ping_status":"closed","sticky":false,"template":"","format":"standard","meta":{"_mi_skip_tracking":false,"_monsterinsights_sitenote_active":false,"_monsterinsights_sitenote_note":"","_monsterinsights_sitenote_category":0,"footnotes":""},"categories":[1],"tags":[],"class_list":["post-1145","post","type-post","status-publish","format-standard","has-post-thumbnail","hentry","category-non-classe"],"_links":{"self":[{"href":"https:\/\/gradin-nord.ch\/de\/wp-json\/wp\/v2\/posts\/1145","targetHints":{"allow":["GET"]}}],"collection":[{"href":"https:\/\/gradin-nord.ch\/de\/wp-json\/wp\/v2\/posts"}],"about":[{"href":"https:\/\/gradin-nord.ch\/de\/wp-json\/wp\/v2\/types\/post"}],"author":[{"embeddable":true,"href":"https:\/\/gradin-nord.ch\/de\/wp-json\/wp\/v2\/users\/1"}],"replies":[{"embeddable":true,"href":"https:\/\/gradin-nord.ch\/de\/wp-json\/wp\/v2\/comments?post=1145"}],"version-history":[{"count":0,"href":"https:\/\/gradin-nord.ch\/de\/wp-json\/wp\/v2\/posts\/1145\/revisions"}],"wp:featuredmedia":[{"embeddable":true,"href":"https:\/\/gradin-nord.ch\/de\/wp-json\/wp\/v2\/media\/352"}],"wp:attachment":[{"href":"https:\/\/gradin-nord.ch\/de\/wp-json\/wp\/v2\/media?parent=1145"}],"wp:term":[{"taxonomy":"category","embeddable":true,"href":"https:\/\/gradin-nord.ch\/de\/wp-json\/wp\/v2\/categories?post=1145"},{"taxonomy":"post_tag","embeddable":true,"href":"https:\/\/gradin-nord.ch\/de\/wp-json\/wp\/v2\/tags?post=1145"}],"curies":[{"name":"wp","href":"https:\/\/api.w.org\/{rel}","templated":true}]}}