{"id":1132,"date":"2024-01-15T23:54:46","date_gmt":"2024-01-15T22:54:46","guid":{"rendered":"https:\/\/gradin-nord.ch\/?p=1132"},"modified":"2024-01-16T08:02:41","modified_gmt":"2024-01-16T07:02:41","slug":"ca-suffit-tous-a-berne","status":"publish","type":"post","link":"https:\/\/gradin-nord.ch\/de\/ca-suffit-tous-a-berne\/","title":{"rendered":"ES REICHT - ALLE NACH BERN !"},"content":{"rendered":"<p style=\"text-align: justify;\">Seit Beginn der laufenden Saison haben die Beh\u00f6rden schweizweit eine Eskalationsspirale in Gang gesetzt, indem sie im Umgang mit Fussballfans auf Nulltoleranz und Kollektivstrafen setzen. Dem sagen wir Schweizer Fanszenen gemeinsam den Kampf an!<\/p>\n<p style=\"text-align: justify;\">Nach den vergangenen Aktionen, wie zuletzt die Spielunterbrechungen durch Rauch am letzten Spieltag, tragen wir unseren Unmut am Samstag in die Bundeshauptstadt. Am kommenden Wochenende stehen n\u00e4mlich gleich zwei Kollektivstrafen an. Eine davon beim Spiel YB gegen GC in Bern, wo mit Sicherheitsdirektor Reto Nause einer der treibenden Kr\u00e4fte dieser Eskalationsstrategie seit l\u00e4ngerem jegliches Augenmass verloren hat - nicht nur im Umgang mit Fussballfans.<\/p>\n<p style=\"text-align: justify;\"><strong data-rich-text-format-boundary=\"true\">Auf Kollektivstrafen folgen kollektive Antworten: Am Samstag alle nach Bern!&nbsp;<\/strong><\/p>\n\n\n<p><\/p>\n\n\n\n<p><\/p>\n\n\n\n<p><\/p>\n\n\n\n<p><\/p>\n\n\n\n<p><\/p>","protected":false},"excerpt":{"rendered":"<p>Depuis le d\u00e9but de la saison, les autorit\u00e9s ont d\u00e9clench\u00e9 un mod\u00e8le de r\u00e9pression dans toute la Suisse en misant sur la tol\u00e9rance z\u00e9ro et les sanctions collectives \u00e0 l&rsquo;\u00e9gard &hellip; <\/p>\n<p class=\"link-more\"><a href=\"https:\/\/gradin-nord.ch\/de\/ca-suffit-tous-a-berne\/\" class=\"more-link\"><span class=\"screen-reader-text\">\u00ab\u00a0CA SUFFIT &#8211; TOUS A BERNE !\u00a0\u00bb<\/span> weiterlesen<\/a><\/p>","protected":false},"author":4,"featured_media":322,"comment_status":"closed","ping_status":"open","sticky":false,"template":"","format":"standard","meta":{"_mi_skip_tracking":false,"_monsterinsights_sitenote_active":false,"_monsterinsights_sitenote_note":"","_monsterinsights_sitenote_category":0,"footnotes":""},"categories":[1],"tags":[],"class_list":["post-1132","post","type-post","status-publish","format-standard","has-post-thumbnail","hentry","category-non-classe"],"_links":{"self":[{"href":"https:\/\/gradin-nord.ch\/de\/wp-json\/wp\/v2\/posts\/1132","targetHints":{"allow":["GET"]}}],"collection":[{"href":"https:\/\/gradin-nord.ch\/de\/wp-json\/wp\/v2\/posts"}],"about":[{"href":"https:\/\/gradin-nord.ch\/de\/wp-json\/wp\/v2\/types\/post"}],"author":[{"embeddable":true,"href":"https:\/\/gradin-nord.ch\/de\/wp-json\/wp\/v2\/users\/4"}],"replies":[{"embeddable":true,"href":"https:\/\/gradin-nord.ch\/de\/wp-json\/wp\/v2\/comments?post=1132"}],"version-history":[{"count":0,"href":"https:\/\/gradin-nord.ch\/de\/wp-json\/wp\/v2\/posts\/1132\/revisions"}],"wp:featuredmedia":[{"embeddable":true,"href":"https:\/\/gradin-nord.ch\/de\/wp-json\/wp\/v2\/media\/322"}],"wp:attachment":[{"href":"https:\/\/gradin-nord.ch\/de\/wp-json\/wp\/v2\/media?parent=1132"}],"wp:term":[{"taxonomy":"category","embeddable":true,"href":"https:\/\/gradin-nord.ch\/de\/wp-json\/wp\/v2\/categories?post=1132"},{"taxonomy":"post_tag","embeddable":true,"href":"https:\/\/gradin-nord.ch\/de\/wp-json\/wp\/v2\/tags?post=1132"}],"curies":[{"name":"wp","href":"https:\/\/api.w.org\/{rel}","templated":true}]}}